{"id":28321,"date":"2025-04-16T19:53:21","date_gmt":"2025-04-17T01:53:21","guid":{"rendered":"https:\/\/viajamagazine.com\/?p=28321"},"modified":"2025-04-17T01:53:21","modified_gmt":"2025-04-17T01:53:21","slug":"ampliacion-daniel-noboa-es-reelegido-presidente-de-ecuador-en-segunda-vuelta","status":"publish","type":"post","link":"https:\/\/viajamagazine.com\/?p=28321","title":{"rendered":"Ampliaci\u00f3n: Daniel Noboa es reelegido presidente de Ecuador en segunda vuelta"},"content":{"rendered":"<div class=\"el-scrollbar__wrap\">\n<div class=\"el-scrollbar__view\">\n<div class=\"news-content\" data-v-1eda797c=\"\">QUITO, 13 abr (Xinhua) &#8212; El presidente de Ecuador, Daniel Noboa, fue reelegido en la segunda vuelta de las elecciones celebradas este domingo para un nuevo mandato de cuatro a\u00f1os, con el 92,64 por ciento de las actas escrutadas, seg\u00fan los primeros resultados oficiales difundidos por el Consejo Nacional Electoral (CNE). Noboa, un empresario millonario de 37 a\u00f1os, gan\u00f3 las elecciones con el 55,92 por ciento de los votos, frente a su contrincante, Luisa Gonz\u00e1lez, quien obtuvo el 44,08 por ciento de los sufragios. La presidenta del CNE, Diana Atamaint, anunci\u00f3 al pa\u00eds en retransmisi\u00f3n nacional que \u00abse marca una tendencia irreversible en los resultados de la segunda vuelta presidencial\u00bb, mientras felicit\u00f3 a Noboa por la victoria. \u00abLa autoridad electoral considera que el binomio ganador corresponde a la lista de Acci\u00f3n Democr\u00e1tica Nacional (ADN), conformado por Daniel Noboa y Mar\u00eda Jos\u00e9 Pinto. Nuestra sincera felicitaci\u00f3n a quienes se han hecho merecedores de la confianza del pueblo ecuatoriano\u00bb, se\u00f1al\u00f3. Atamaint destac\u00f3 que \u00ablos resultados son el fiel reflejo de la voluntad popular expresada en las urnas\u00bb, a la vez que indic\u00f3 que los comicios se desarrollaron en un ambiente de paz, seguridad y confianza, con una participaci\u00f3n del 83,76 por ciento de los m\u00e1s de 13,7 millones de votantes convocados a las urnas. Tras conocer los resultados, Noboa agradeci\u00f3 el respaldo del pueblo ecuatoriano con un pronunciamiento desde su residencia en la localidad costera de Ol\u00f3n, provincia occidental de Santa Elena, donde pas\u00f3 la noche electoral. \u00abEsta victoria ha sido hist\u00f3rica, una victoria de m\u00e1s de 10 puntos, donde no queda ninguna duda de qui\u00e9n es el ganador\u00bb, declar\u00f3 Noboa. Noboa, que gobernar\u00e1 en el periodo 2025-2029, dijo que la victoria se ha logrado con perseverancia y trabajo de su equipo y entorno cercano. \u00abEl Ecuador est\u00e1 cambiando. El Ecuador ya escogi\u00f3 un diferente camino y ese camino va a ser que las futuras generaciones tengan una vida m\u00e1s justa (&#8230;) y progreso\u00bb, subray\u00f3 Noboa, junto a su familia. Asimismo, envi\u00f3 un abrazo a todos los ecuatorianos que creyeron en \u00e9l como joven presidente. Por su parte, la candidata opositora Luisa Gonz\u00e1lez afirm\u00f3 que no reconoce la victoria electoral de Noboa, en un discurso pronunciado al norte de Quito, cuartel general de campa\u00f1a de su movimiento pol\u00edtico Revoluci\u00f3n Ciudadana (RC). \u00abNo reconocemos los resultados presentados por el Consejo Nacional Electoral. Vamos a pedir el reconteo y que se abran las urnas\u00bb, denunci\u00f3 Gonz\u00e1lez, heredera del expresidente Rafael Correa (2007-2017). La ajustada primera vuelta, celebrada el pasado 9 de febrero, se resolvi\u00f3 con una diferencia de 16.746 votos a favor de Noboa. Noboa lleg\u00f3 al poder por primera vez despu\u00e9s de ganar sorpresivamente las elecciones anticipadas del 23 de noviembre de 2023, e hizo historia al convertirse en el presidente m\u00e1s joven de Ecuador. Fin<\/div>\n<\/div>\n<\/div>\n<div class=\"el-scrollbar__bar is-horizontal\"><\/div>\n","protected":false},"excerpt":{"rendered":"<p>QUITO, 13 abr (Xinhua) &#8212; El presidente de Ecuador, Daniel Noboa, fue reelegido en la&#8230;<\/p>\n","protected":false},"author":1,"featured_media":0,"comment_status":"closed","ping_status":"closed","sticky":false,"template":"","format":"standard","meta":{"footnotes":""},"categories":[2],"tags":[],"class_list":["post-28321","post","type-post","status-publish","format-standard","hentry","category-internacional"],"_links":{"self":[{"href":"https:\/\/viajamagazine.com\/index.php?rest_route=\/wp\/v2\/posts\/28321","targetHints":{"allow":["GET"]}}],"collection":[{"href":"https:\/\/viajamagazine.com\/index.php?rest_route=\/wp\/v2\/posts"}],"about":[{"href":"https:\/\/viajamagazine.com\/index.php?rest_route=\/wp\/v2\/types\/post"}],"author":[{"embeddable":true,"href":"https:\/\/viajamagazine.com\/index.php?rest_route=\/wp\/v2\/users\/1"}],"replies":[{"embeddable":true,"href":"https:\/\/viajamagazine.com\/index.php?rest_route=%2Fwp%2Fv2%2Fcomments&post=28321"}],"version-history":[{"count":1,"href":"https:\/\/viajamagazine.com\/index.php?rest_route=\/wp\/v2\/posts\/28321\/revisions"}],"predecessor-version":[{"id":28322,"href":"https:\/\/viajamagazine.com\/index.php?rest_route=\/wp\/v2\/posts\/28321\/revisions\/28322"}],"wp:attachment":[{"href":"https:\/\/viajamagazine.com\/index.php?rest_route=%2Fwp%2Fv2%2Fmedia&parent=28321"}],"wp:term":[{"taxonomy":"category","embeddable":true,"href":"https:\/\/viajamagazine.com\/index.php?rest_route=%2Fwp%2Fv2%2Fcategories&post=28321"},{"taxonomy":"post_tag","embeddable":true,"href":"https:\/\/viajamagazine.com\/index.php?rest_route=%2Fwp%2Fv2%2Ftags&post=28321"}],"curies":[{"name":"wp","href":"https:\/\/api.w.org\/{rel}","templated":true}]}}