{"id":28294,"date":"2025-04-16T19:46:44","date_gmt":"2025-04-17T01:46:44","guid":{"rendered":"https:\/\/viajamagazine.com\/?p=28294"},"modified":"2025-04-17T01:46:44","modified_gmt":"2025-04-17T01:46:44","slug":"avance-daniel-noboa-es-reelecto-presidente-de-ecuador","status":"publish","type":"post","link":"https:\/\/viajamagazine.com\/?p=28294","title":{"rendered":"Avance: Daniel Noboa es reelecto presidente de Ecuador"},"content":{"rendered":"<div class=\"el-scrollbar__wrap\">\n<div class=\"el-scrollbar__view\">\n<div class=\"news-content\" data-v-1eda797c=\"\">QUITO, 13 abr (Xinhua) &#8212; El presidente de Ecuador, Daniel Noboa, fue reelegido en la segunda vuelta electoral celebrada este domingo para un mandato de cuatro a\u00f1os con el 92,64 por ciento de las actas escrutadas, seg\u00fan los primeros resultados oficiales difundidos por el Consejo Nacional Electoral (CNE). Noboa, un millonario empresario de 37 a\u00f1os, gan\u00f3 las elecciones con el 55,92 por ciento de los votos, frente a su contrincante, Luisa Gonz\u00e1lez, quien tiene el 44,08 por ciento de los sufragios. La presidenta del CNE, Diana Atamaint, anunci\u00f3 en cadena nacional al pa\u00eds que escrutado m\u00e1s del 90 por ciento de actas a escala nacional \u00abse marca una tendencia irreversible en los resultados de la segunda vuelta presidencial\u00bb, al tiempo que felicit\u00f3 a Noboa por la victoria. La participaci\u00f3n de votantes en la jornada electoral fue de 83,76 por ciento, seg\u00fan el CNE, que report\u00f3 normalidad en los comicios. A las urnas fueron llamados m\u00e1s de 13,7 millones de ecuatorianos, dentro y fuera del pa\u00eds sudamericano. Fin<\/div>\n<\/div>\n<\/div>\n<div class=\"el-scrollbar__bar is-horizontal\"><\/div>\n","protected":false},"excerpt":{"rendered":"<p>QUITO, 13 abr (Xinhua) &#8212; El presidente de Ecuador, Daniel Noboa, fue reelegido en la&#8230;<\/p>\n","protected":false},"author":1,"featured_media":0,"comment_status":"open","ping_status":"closed","sticky":false,"template":"","format":"standard","meta":{"footnotes":""},"categories":[2],"tags":[],"class_list":["post-28294","post","type-post","status-publish","format-standard","hentry","category-internacional"],"_links":{"self":[{"href":"https:\/\/viajamagazine.com\/index.php?rest_route=\/wp\/v2\/posts\/28294","targetHints":{"allow":["GET"]}}],"collection":[{"href":"https:\/\/viajamagazine.com\/index.php?rest_route=\/wp\/v2\/posts"}],"about":[{"href":"https:\/\/viajamagazine.com\/index.php?rest_route=\/wp\/v2\/types\/post"}],"author":[{"embeddable":true,"href":"https:\/\/viajamagazine.com\/index.php?rest_route=\/wp\/v2\/users\/1"}],"replies":[{"embeddable":true,"href":"https:\/\/viajamagazine.com\/index.php?rest_route=%2Fwp%2Fv2%2Fcomments&post=28294"}],"version-history":[{"count":1,"href":"https:\/\/viajamagazine.com\/index.php?rest_route=\/wp\/v2\/posts\/28294\/revisions"}],"predecessor-version":[{"id":28295,"href":"https:\/\/viajamagazine.com\/index.php?rest_route=\/wp\/v2\/posts\/28294\/revisions\/28295"}],"wp:attachment":[{"href":"https:\/\/viajamagazine.com\/index.php?rest_route=%2Fwp%2Fv2%2Fmedia&parent=28294"}],"wp:term":[{"taxonomy":"category","embeddable":true,"href":"https:\/\/viajamagazine.com\/index.php?rest_route=%2Fwp%2Fv2%2Fcategories&post=28294"},{"taxonomy":"post_tag","embeddable":true,"href":"https:\/\/viajamagazine.com\/index.php?rest_route=%2Fwp%2Fv2%2Ftags&post=28294"}],"curies":[{"name":"wp","href":"https:\/\/api.w.org\/{rel}","templated":true}]}}