{"id":28283,"date":"2025-04-16T19:45:25","date_gmt":"2025-04-17T01:45:25","guid":{"rendered":"https:\/\/viajamagazine.com\/?p=28283"},"modified":"2025-04-17T01:45:25","modified_gmt":"2025-04-17T01:45:25","slug":"muere-a-los-89-anos-en-lima-el-escritor-peruano-mario-vargas-llosa","status":"publish","type":"post","link":"https:\/\/viajamagazine.com\/?p=28283","title":{"rendered":"Muere a los 89 a\u00f1os en Lima el escritor peruano Mario Vargas Llosa"},"content":{"rendered":"<p>LIMA, 13 abr (Xinhua) &#8212; El escritor peruano y Premio Nobel de Literatura, Mario Vargas Llosa, muri\u00f3 este domingo en la ciudad de Lima, a los 89 a\u00f1os de edad, inform\u00f3 su hijo \u00c1lvaro Vargas Llosa. \u00abCon profundo dolor, hacemos p\u00fablico que nuestro padre, Mario Vargas Llosa, ha fallecido hoy en Lima, rodeado de su familia y en paz\u00bb, indic\u00f3 sin precisar la causa del deceso el hijo del reconocido escritor en su cuenta de la red social X. Mario Vargas Llosa, nacido el 28 de marzo de 1936 en la ciudad sure\u00f1a de Arequipa, fue escritor de importantes obras como \u00abLa ciudad y los perros\u00bb, \u00abLa guerra del fin del mundo\u00bb, \u00abLa civilizaci\u00f3n del espect\u00e1culo\u00bb, \u00abConversaci\u00f3n en la catedral\u00bb y \u00abLa fiesta del chivo\u00bb, entre otros. En el a\u00f1o 2010, el escritor de m\u00e1s de 20 novelas y libros de ensayo, recibi\u00f3 el Premio Nobel de Literatura, mientras que en otros momentos fue reconocido con el premio Pr\u00edncipe de Asturias de Las Letras, pas\u00f3 a integrar la Academia Francesa. Fin<\/p>\n","protected":false},"excerpt":{"rendered":"<p>LIMA, 13 abr (Xinhua) &#8212; El escritor peruano y Premio Nobel de Literatura, Mario Vargas&#8230;<\/p>\n","protected":false},"author":1,"featured_media":0,"comment_status":"open","ping_status":"closed","sticky":false,"template":"","format":"standard","meta":{"footnotes":""},"categories":[2],"tags":[],"class_list":["post-28283","post","type-post","status-publish","format-standard","hentry","category-internacional"],"_links":{"self":[{"href":"https:\/\/viajamagazine.com\/index.php?rest_route=\/wp\/v2\/posts\/28283","targetHints":{"allow":["GET"]}}],"collection":[{"href":"https:\/\/viajamagazine.com\/index.php?rest_route=\/wp\/v2\/posts"}],"about":[{"href":"https:\/\/viajamagazine.com\/index.php?rest_route=\/wp\/v2\/types\/post"}],"author":[{"embeddable":true,"href":"https:\/\/viajamagazine.com\/index.php?rest_route=\/wp\/v2\/users\/1"}],"replies":[{"embeddable":true,"href":"https:\/\/viajamagazine.com\/index.php?rest_route=%2Fwp%2Fv2%2Fcomments&post=28283"}],"version-history":[{"count":1,"href":"https:\/\/viajamagazine.com\/index.php?rest_route=\/wp\/v2\/posts\/28283\/revisions"}],"predecessor-version":[{"id":28284,"href":"https:\/\/viajamagazine.com\/index.php?rest_route=\/wp\/v2\/posts\/28283\/revisions\/28284"}],"wp:attachment":[{"href":"https:\/\/viajamagazine.com\/index.php?rest_route=%2Fwp%2Fv2%2Fmedia&parent=28283"}],"wp:term":[{"taxonomy":"category","embeddable":true,"href":"https:\/\/viajamagazine.com\/index.php?rest_route=%2Fwp%2Fv2%2Fcategories&post=28283"},{"taxonomy":"post_tag","embeddable":true,"href":"https:\/\/viajamagazine.com\/index.php?rest_route=%2Fwp%2Fv2%2Ftags&post=28283"}],"curies":[{"name":"wp","href":"https:\/\/api.w.org\/{rel}","templated":true}]}}