{"id":28138,"date":"2025-04-16T18:45:33","date_gmt":"2025-04-17T00:45:33","guid":{"rendered":"https:\/\/viajamagazine.com\/?p=28138"},"modified":"2025-04-17T00:45:34","modified_gmt":"2025-04-17T00:45:34","slug":"china-y-vietnam-acuerdan-gestionar-y-resolver-cuestiones-maritimas","status":"publish","type":"post","link":"https:\/\/viajamagazine.com\/?p=28138","title":{"rendered":"China y Vietnam acuerdan gestionar y resolver cuestiones mar\u00edtimas"},"content":{"rendered":"<p>HANOI, 15 abr (Xinhua) &#8212; China y Vietnam acordaron gestionar y resolver adecuadamente las diferencias sobre cuestiones mar\u00edtimas. Los dos pa\u00edses hicieron el anuncio hoy martes en una declaraci\u00f3n conjunta publicada con motivo de la visita de Estado del presidente chino, Xi Jinping, a Vietnam. Ambas partes sostuvieron un intercambio de puntos de vista profundo y sincero sobre cuestiones mar\u00edtimas y subrayaron la necesidad de gestionar mejor y resolver activamente sus diferencias y salvaguardar conjuntamente la paz y la estabilidad en el Mar Meridional de China, indica la declaraci\u00f3n. Las dos partes acordaron, mediante consultas amistosas, buscar activamente una soluci\u00f3n fundamental y a largo plazo aceptable para ambas partes y en consonancia con el acuerdo sobre los principios b\u00e1sicos que gu\u00edan la soluci\u00f3n de los asuntos mar\u00edtimos entre China y Vietnam, as\u00ed como con el derecho internacional, como la Convenci\u00f3n de la ONU sobre el Derecho del Mar, agrega la declaraci\u00f3n. Tambi\u00e9n acordaron no emprender acciones que compliquen la situaci\u00f3n y escalen las disputas, con el fin de mantener conjuntamente la estabilidad mar\u00edtima, se\u00f1ala la declaraci\u00f3n. Fin<\/p>\n","protected":false},"excerpt":{"rendered":"<p>HANOI, 15 abr (Xinhua) &#8212; China y Vietnam acordaron gestionar y resolver adecuadamente las diferencias&#8230;<\/p>\n","protected":false},"author":1,"featured_media":0,"comment_status":"open","ping_status":"closed","sticky":false,"template":"","format":"standard","meta":{"footnotes":""},"categories":[2],"tags":[],"class_list":["post-28138","post","type-post","status-publish","format-standard","hentry","category-internacional"],"_links":{"self":[{"href":"https:\/\/viajamagazine.com\/index.php?rest_route=\/wp\/v2\/posts\/28138","targetHints":{"allow":["GET"]}}],"collection":[{"href":"https:\/\/viajamagazine.com\/index.php?rest_route=\/wp\/v2\/posts"}],"about":[{"href":"https:\/\/viajamagazine.com\/index.php?rest_route=\/wp\/v2\/types\/post"}],"author":[{"embeddable":true,"href":"https:\/\/viajamagazine.com\/index.php?rest_route=\/wp\/v2\/users\/1"}],"replies":[{"embeddable":true,"href":"https:\/\/viajamagazine.com\/index.php?rest_route=%2Fwp%2Fv2%2Fcomments&post=28138"}],"version-history":[{"count":1,"href":"https:\/\/viajamagazine.com\/index.php?rest_route=\/wp\/v2\/posts\/28138\/revisions"}],"predecessor-version":[{"id":28139,"href":"https:\/\/viajamagazine.com\/index.php?rest_route=\/wp\/v2\/posts\/28138\/revisions\/28139"}],"wp:attachment":[{"href":"https:\/\/viajamagazine.com\/index.php?rest_route=%2Fwp%2Fv2%2Fmedia&parent=28138"}],"wp:term":[{"taxonomy":"category","embeddable":true,"href":"https:\/\/viajamagazine.com\/index.php?rest_route=%2Fwp%2Fv2%2Fcategories&post=28138"},{"taxonomy":"post_tag","embeddable":true,"href":"https:\/\/viajamagazine.com\/index.php?rest_route=%2Fwp%2Fv2%2Ftags&post=28138"}],"curies":[{"name":"wp","href":"https:\/\/api.w.org\/{rel}","templated":true}]}}