{"id":28118,"date":"2025-04-16T18:40:00","date_gmt":"2025-04-17T00:40:00","guid":{"rendered":"https:\/\/viajamagazine.com\/?p=28118"},"modified":"2025-04-17T00:40:01","modified_gmt":"2025-04-17T00:40:01","slug":"israel-ordena-evacuaciones-en-sur-de-gaza-tras-interceptacion-de-cohete-disparado-desde-la-franja","status":"publish","type":"post","link":"https:\/\/viajamagazine.com\/?p=28118","title":{"rendered":"Israel ordena evacuaciones en sur de Gaza tras interceptaci\u00f3n de cohete disparado desde la franja"},"content":{"rendered":"<div class=\"el-scrollbar__wrap\">\n<div class=\"el-scrollbar__view\">\n<div class=\"news-content\" data-v-1eda797c=\"\">JERUSAL\u00c9N, 13 abr (Xinhua) &#8212; El ej\u00e9rcito israel\u00ed emiti\u00f3 hoy domingo \u00f3rdenes de evacuaci\u00f3n para partes de Jan Yunis, en el sur de Gaza, tras decir que un cohete fue disparado desde el enclave hacia el sur de Israel. Las Fuerzas de Defensa de Israel (FDI) dijeron en un comunicado que su fuerza a\u00e9rea intercept\u00f3 el cohete, que activ\u00f3 las sirenas de ataque a\u00e9reo en la aldea israel\u00ed de Reim, cerca de la frontera con Gaza. No se reportaron v\u00edctimas. Despu\u00e9s de la interceptaci\u00f3n, residentes de diversos vecindarios de Jan Yunis recibieron la orden de evacuar y de dirigirse al oeste hacia \u00abzonas humanitarias\u00bb designadas, dijeron las FDI. Israel reanud\u00f3 los ataques a\u00e9reos y las operaciones terrestres en Gaza el 18 de marzo, lo que puso fin a un cese al fuego de dos meses. Autoridades sanitarias de Gaza informaron que han muerto al menos 1.574 palestinos y que 4.115 han resultado heridos desde la reanudaci\u00f3n del combate. Fin<\/div>\n<\/div>\n<\/div>\n<div class=\"el-scrollbar__bar is-horizontal\"><\/div>\n","protected":false},"excerpt":{"rendered":"<p>JERUSAL\u00c9N, 13 abr (Xinhua) &#8212; El ej\u00e9rcito israel\u00ed emiti\u00f3 hoy domingo \u00f3rdenes de evacuaci\u00f3n para&#8230;<\/p>\n","protected":false},"author":1,"featured_media":0,"comment_status":"open","ping_status":"closed","sticky":false,"template":"","format":"standard","meta":{"footnotes":""},"categories":[2],"tags":[],"class_list":["post-28118","post","type-post","status-publish","format-standard","hentry","category-internacional"],"_links":{"self":[{"href":"https:\/\/viajamagazine.com\/index.php?rest_route=\/wp\/v2\/posts\/28118","targetHints":{"allow":["GET"]}}],"collection":[{"href":"https:\/\/viajamagazine.com\/index.php?rest_route=\/wp\/v2\/posts"}],"about":[{"href":"https:\/\/viajamagazine.com\/index.php?rest_route=\/wp\/v2\/types\/post"}],"author":[{"embeddable":true,"href":"https:\/\/viajamagazine.com\/index.php?rest_route=\/wp\/v2\/users\/1"}],"replies":[{"embeddable":true,"href":"https:\/\/viajamagazine.com\/index.php?rest_route=%2Fwp%2Fv2%2Fcomments&post=28118"}],"version-history":[{"count":1,"href":"https:\/\/viajamagazine.com\/index.php?rest_route=\/wp\/v2\/posts\/28118\/revisions"}],"predecessor-version":[{"id":28119,"href":"https:\/\/viajamagazine.com\/index.php?rest_route=\/wp\/v2\/posts\/28118\/revisions\/28119"}],"wp:attachment":[{"href":"https:\/\/viajamagazine.com\/index.php?rest_route=%2Fwp%2Fv2%2Fmedia&parent=28118"}],"wp:term":[{"taxonomy":"category","embeddable":true,"href":"https:\/\/viajamagazine.com\/index.php?rest_route=%2Fwp%2Fv2%2Fcategories&post=28118"},{"taxonomy":"post_tag","embeddable":true,"href":"https:\/\/viajamagazine.com\/index.php?rest_route=%2Fwp%2Fv2%2Ftags&post=28118"}],"curies":[{"name":"wp","href":"https:\/\/api.w.org\/{rel}","templated":true}]}}