{"id":28104,"date":"2025-04-16T18:38:13","date_gmt":"2025-04-17T00:38:13","guid":{"rendered":"https:\/\/viajamagazine.com\/?p=28104"},"modified":"2025-04-17T00:38:14","modified_gmt":"2025-04-17T00:38:14","slug":"avance-brice-clotaire-oligui-nguema-es-elegido-presidente-de-gabon","status":"publish","type":"post","link":"https:\/\/viajamagazine.com\/?p=28104","title":{"rendered":"Avance: Brice Clotaire Oligui Nguema es elegido presidente de Gab\u00f3n"},"content":{"rendered":"<div class=\"el-scrollbar__wrap\">\n<div class=\"el-scrollbar__view\">\n<div class=\"news-content\" data-v-1eda797c=\"\">LIBREVILLE, 13 abr (Xinhua) &#8212; El l\u00edder de transici\u00f3n de Gab\u00f3n, Brice Clotaire Oligui Nguema, fue elegido presidente despu\u00e9s de la votaci\u00f3n del s\u00e1bado, anunci\u00f3 hoy domingo el Ministerio del Interior. Nguema asegur\u00f3 90,35 por ciento del total de votos emitidos en la elecci\u00f3n, dijo el ministro del Interior, Hermann Immongault. Nguema fungi\u00f3 como presidente de transici\u00f3n desde que encabez\u00f3 el golpe de Estado de 2023, el cual derroc\u00f3 al expresidente Ali Bongo Ondimba. Su principal contendiente, Alain-Claude Bilie By Nze, ex primer ministro durante la administraci\u00f3n de Ondimba, qued\u00f3 en segunda posici\u00f3n con cerca de 3,02 por ciento de los votos, indic\u00f3 el ministro. En total, se registraron 920.200 electores, incluyendo m\u00e1s de 28.000 en el extranjero. La afluencia de votantes fue de 70,4 por ciento, detall\u00f3 el ministro. La votaci\u00f3n del s\u00e1bado constituy\u00f3 la primera elecci\u00f3n presidencial de Gab\u00f3n desde el golpe de Estado, marcando la etapa final de la transici\u00f3n pol\u00edtica del pa\u00eds y el esperado retorno al orden constitucional. Fin<\/div>\n<\/div>\n<\/div>\n<div class=\"el-scrollbar__bar is-horizontal\"><\/div>\n","protected":false},"excerpt":{"rendered":"<p>LIBREVILLE, 13 abr (Xinhua) &#8212; El l\u00edder de transici\u00f3n de Gab\u00f3n, Brice Clotaire Oligui Nguema,&#8230;<\/p>\n","protected":false},"author":1,"featured_media":0,"comment_status":"open","ping_status":"closed","sticky":false,"template":"","format":"standard","meta":{"footnotes":""},"categories":[2],"tags":[],"class_list":["post-28104","post","type-post","status-publish","format-standard","hentry","category-internacional"],"_links":{"self":[{"href":"https:\/\/viajamagazine.com\/index.php?rest_route=\/wp\/v2\/posts\/28104","targetHints":{"allow":["GET"]}}],"collection":[{"href":"https:\/\/viajamagazine.com\/index.php?rest_route=\/wp\/v2\/posts"}],"about":[{"href":"https:\/\/viajamagazine.com\/index.php?rest_route=\/wp\/v2\/types\/post"}],"author":[{"embeddable":true,"href":"https:\/\/viajamagazine.com\/index.php?rest_route=\/wp\/v2\/users\/1"}],"replies":[{"embeddable":true,"href":"https:\/\/viajamagazine.com\/index.php?rest_route=%2Fwp%2Fv2%2Fcomments&post=28104"}],"version-history":[{"count":1,"href":"https:\/\/viajamagazine.com\/index.php?rest_route=\/wp\/v2\/posts\/28104\/revisions"}],"predecessor-version":[{"id":28105,"href":"https:\/\/viajamagazine.com\/index.php?rest_route=\/wp\/v2\/posts\/28104\/revisions\/28105"}],"wp:attachment":[{"href":"https:\/\/viajamagazine.com\/index.php?rest_route=%2Fwp%2Fv2%2Fmedia&parent=28104"}],"wp:term":[{"taxonomy":"category","embeddable":true,"href":"https:\/\/viajamagazine.com\/index.php?rest_route=%2Fwp%2Fv2%2Fcategories&post=28104"},{"taxonomy":"post_tag","embeddable":true,"href":"https:\/\/viajamagazine.com\/index.php?rest_route=%2Fwp%2Fv2%2Ftags&post=28104"}],"curies":[{"name":"wp","href":"https:\/\/api.w.org\/{rel}","templated":true}]}}