{"id":28038,"date":"2025-04-16T18:20:09","date_gmt":"2025-04-17T00:20:09","guid":{"rendered":"https:\/\/viajamagazine.com\/?p=28038"},"modified":"2025-04-17T00:20:10","modified_gmt":"2025-04-17T00:20:10","slug":"iran-confirma-que-mascate-acogera-la-segunda-ronda-de-negociaciones-nucleares-con-ee-uu","status":"publish","type":"post","link":"https:\/\/viajamagazine.com\/?p=28038","title":{"rendered":"Ir\u00e1n confirma que Mascate acoger\u00e1 la segunda ronda de negociaciones nucleares con EE. UU."},"content":{"rendered":"<p>TEHER\u00c1N, 15 abr (Xinhua) &#8212; Ir\u00e1n confirm\u00f3 que Mascate, la capital de Om\u00e1n, seguir\u00e1 siendo la sede de la segunda ronda de negociaciones \u00abindirectas\u00bb entre Teher\u00e1n y Washington. \u00abTras las consultas, se decidi\u00f3 que Mascate siga siendo la sede de la segunda ronda de las negociaciones, cuya celebraci\u00f3n est\u00e1 prevista para el s\u00e1bado\u00bb, dijo a primera hora del martes la agencia semioficial de noticias Mehr citando al portavoz del Ministerio de Asuntos Exteriores iran\u00ed, Esmaeil Baghaei. En la primera ronda de di\u00e1logos celebrada en Mascate el s\u00e1bado pasado, el ministro de Asuntos Exteriores iran\u00ed, Seyed Abbas Araghchi, mantuvo conversaciones \u00abindirectas\u00bb con el enviado especial de Estados Unidos para Oriente Medio, Steve Witkoff, las cuales fueron facilitadas por el ministro de Asuntos Exteriores oman\u00ed, Sayyid Badr bin Hamad bin Hamood Albusaidi. Estas conversaciones se centraron en el programa nuclear iran\u00ed y la posible retirada de las sanciones estadounidenses. Las conversaciones en Mascate siguieron a la declaraci\u00f3n del presidente estadounidense, Donald Trump, a principios de marzo de que hab\u00eda enviado una carta a los l\u00edderes iran\u00edes, entregada a trav\u00e9s de los Emiratos \u00c1rabes Unidos, proponiendo negociaciones sobre el programa nuclear de Ir\u00e1n. Ir\u00e1n acept\u00f3 m\u00e1s tarde mantener conversaciones indirectas. Ir\u00e1n firm\u00f3 un acuerdo nuclear en julio de 2015 con seis grandes pa\u00edses: Gran Breta\u00f1a, China, Francia, Alemania, Rusia y Estados Unidos. En virtud del acuerdo, Ir\u00e1n acept\u00f3 limitar sus actividades nucleares a cambio de un alivio de las sanciones. Sin embargo, Trump retir\u00f3 unilateralmente a su pa\u00eds del acuerdo en mayo de 2018, durante su primer mandato, y volvi\u00f3 a imponer sanciones a Ir\u00e1n, lo que llev\u00f3 a Teher\u00e1n a reducir sus compromisos en virtud del acuerdo. Desde entonces, los esfuerzos por reactivar el acuerdo nuclear han avanzado poco. Fin<\/p>\n","protected":false},"excerpt":{"rendered":"<p>TEHER\u00c1N, 15 abr (Xinhua) &#8212; Ir\u00e1n confirm\u00f3 que Mascate, la capital de Om\u00e1n, seguir\u00e1 siendo&#8230;<\/p>\n","protected":false},"author":1,"featured_media":0,"comment_status":"open","ping_status":"closed","sticky":false,"template":"","format":"standard","meta":{"footnotes":""},"categories":[2],"tags":[],"class_list":["post-28038","post","type-post","status-publish","format-standard","hentry","category-internacional"],"_links":{"self":[{"href":"https:\/\/viajamagazine.com\/index.php?rest_route=\/wp\/v2\/posts\/28038","targetHints":{"allow":["GET"]}}],"collection":[{"href":"https:\/\/viajamagazine.com\/index.php?rest_route=\/wp\/v2\/posts"}],"about":[{"href":"https:\/\/viajamagazine.com\/index.php?rest_route=\/wp\/v2\/types\/post"}],"author":[{"embeddable":true,"href":"https:\/\/viajamagazine.com\/index.php?rest_route=\/wp\/v2\/users\/1"}],"replies":[{"embeddable":true,"href":"https:\/\/viajamagazine.com\/index.php?rest_route=%2Fwp%2Fv2%2Fcomments&post=28038"}],"version-history":[{"count":1,"href":"https:\/\/viajamagazine.com\/index.php?rest_route=\/wp\/v2\/posts\/28038\/revisions"}],"predecessor-version":[{"id":28039,"href":"https:\/\/viajamagazine.com\/index.php?rest_route=\/wp\/v2\/posts\/28038\/revisions\/28039"}],"wp:attachment":[{"href":"https:\/\/viajamagazine.com\/index.php?rest_route=%2Fwp%2Fv2%2Fmedia&parent=28038"}],"wp:term":[{"taxonomy":"category","embeddable":true,"href":"https:\/\/viajamagazine.com\/index.php?rest_route=%2Fwp%2Fv2%2Fcategories&post=28038"},{"taxonomy":"post_tag","embeddable":true,"href":"https:\/\/viajamagazine.com\/index.php?rest_route=%2Fwp%2Fv2%2Ftags&post=28038"}],"curies":[{"name":"wp","href":"https:\/\/api.w.org\/{rel}","templated":true}]}}