{"id":27992,"date":"2025-04-16T18:10:00","date_gmt":"2025-04-17T00:10:00","guid":{"rendered":"https:\/\/viajamagazine.com\/?p=27992"},"modified":"2025-04-17T00:10:02","modified_gmt":"2025-04-17T00:10:02","slug":"milicia-nacional-bolivariana-es-clave-para-garantizar-la-paz-nacional-asegura-el-presidente-maduro","status":"publish","type":"post","link":"https:\/\/viajamagazine.com\/?p=27992","title":{"rendered":"Milicia Nacional Bolivariana es clave para garantizar la paz nacional, asegura el presidente Maduro"},"content":{"rendered":"<div class=\"el-scrollbar__wrap\">\n<div class=\"el-scrollbar__view\">\n<div class=\"news-content\" data-v-1eda797c=\"\">CARACAS, 14 abr (Xinhua) &#8212; El presidente venezolano, Nicol\u00e1s Maduro, encabez\u00f3 este lunes la ceremonia de Conmemoraci\u00f3n del 16\u00b0 aniversario de la Milicia Nacional Bolivariana, instancia militar a la que pidi\u00f3 el m\u00e1ximo compromiso y preparaci\u00f3n para la defensa de la soberan\u00eda y la paz nacional. Maduro relat\u00f3 que hoy Venezuela celebra, al mismo tiempo, tres eventos hist\u00f3ricos: el rescate de la institucionalidad despu\u00e9s del golpe de Estado del 11 de abril del 2002 (contra el fallecido presidente Hugo Ch\u00e1vez), el d\u00eda de la Milicia Nacional Bolivariana, y el 12\u00b0 aniversario de su primera victoria electoral como presidente de la Rep\u00fablica. El jefe de Estado record\u00f3 que la Milicia Nacional Bolivariana, cuerpo que integra a m\u00e1s de 5 millones de combatientes seg\u00fan cifras oficiales, forma parte la estructura formal de la fuerza armada: \u00abEs el quinto componente especial, org\u00e1nico y legal de la FANB, del sistema defensivo nacional\u00bb. Anunci\u00f3 que el pr\u00f3ximo 1 de mayo, cuando se celebra el d\u00eda internacional de los trabajadores y trabajadoras, las fuerzas del Gobierno protagonizar\u00e1n una serie de movilizaciones de calle \u00abde la clase obrera, los cuerpos combatientes y de la Milicia Nacional Bolivariana, con marchas en todas las ciudades del pa\u00eds, mostrando la unidad c\u00edvico-militar-policial\u00bb. Asimismo, orden\u00f3 a los jefes militares \u00abperfeccionar los mecanismos de entrenamiento y los mecanismos para acceder al armamento, para que nuestro pueblo miliciano est\u00e9 siempre preparado ante cualquier amenaza\u00bb. Maduro asegur\u00f3 que el imperialismo norteamericano en alg\u00fan momento tendr\u00e1 que detener su empe\u00f1o de hacer da\u00f1o a Venezuela. Frente a la formaci\u00f3n militar el jefe de Estado agreg\u00f3 a trav\u00e9s de la televisora estatal: \u00abCuento con ustedes para garantizar la paz y la estabilidad nacional\u00bb. El mensaje presidencial ocurre en el contexto de tensiones internacionales entre Estados Unidos y Venezuela. La Casa Blanca ha incrementado, desde hace 10 a\u00f1os de manera progresiva, una serie de sanciones contra las principales actividades econ\u00f3micas de ese pa\u00eds con el objetivo de \u00abforzar un cambio de gobierno\u00bb, denuncia Caracas. Adem\u00e1s, el acto se enmarca en la controversia territorial entre Guyana y Venezuela, misma que en las \u00faltimas semanas tambi\u00e9n ha experimentado tensiones militares entre ambas naciones, con la presencia activa del Comando Sur de EE.UU. en las adyacencias de la zona en disputa, en claro y abierto respaldo a Guyana. Fin<\/div>\n<\/div>\n<\/div>\n<div class=\"el-scrollbar__bar is-horizontal\"><\/div>\n","protected":false},"excerpt":{"rendered":"<p>CARACAS, 14 abr (Xinhua) &#8212; El presidente venezolano, Nicol\u00e1s Maduro, encabez\u00f3 este lunes la ceremonia&#8230;<\/p>\n","protected":false},"author":1,"featured_media":0,"comment_status":"open","ping_status":"closed","sticky":false,"template":"","format":"standard","meta":{"footnotes":""},"categories":[2],"tags":[],"class_list":["post-27992","post","type-post","status-publish","format-standard","hentry","category-internacional"],"_links":{"self":[{"href":"https:\/\/viajamagazine.com\/index.php?rest_route=\/wp\/v2\/posts\/27992","targetHints":{"allow":["GET"]}}],"collection":[{"href":"https:\/\/viajamagazine.com\/index.php?rest_route=\/wp\/v2\/posts"}],"about":[{"href":"https:\/\/viajamagazine.com\/index.php?rest_route=\/wp\/v2\/types\/post"}],"author":[{"embeddable":true,"href":"https:\/\/viajamagazine.com\/index.php?rest_route=\/wp\/v2\/users\/1"}],"replies":[{"embeddable":true,"href":"https:\/\/viajamagazine.com\/index.php?rest_route=%2Fwp%2Fv2%2Fcomments&post=27992"}],"version-history":[{"count":1,"href":"https:\/\/viajamagazine.com\/index.php?rest_route=\/wp\/v2\/posts\/27992\/revisions"}],"predecessor-version":[{"id":27993,"href":"https:\/\/viajamagazine.com\/index.php?rest_route=\/wp\/v2\/posts\/27992\/revisions\/27993"}],"wp:attachment":[{"href":"https:\/\/viajamagazine.com\/index.php?rest_route=%2Fwp%2Fv2%2Fmedia&parent=27992"}],"wp:term":[{"taxonomy":"category","embeddable":true,"href":"https:\/\/viajamagazine.com\/index.php?rest_route=%2Fwp%2Fv2%2Fcategories&post=27992"},{"taxonomy":"post_tag","embeddable":true,"href":"https:\/\/viajamagazine.com\/index.php?rest_route=%2Fwp%2Fv2%2Ftags&post=27992"}],"curies":[{"name":"wp","href":"https:\/\/api.w.org\/{rel}","templated":true}]}}