{"id":27986,"date":"2025-04-16T18:08:48","date_gmt":"2025-04-17T00:08:48","guid":{"rendered":"https:\/\/viajamagazine.com\/?p=27986"},"modified":"2025-04-17T00:08:50","modified_gmt":"2025-04-17T00:08:50","slug":"premier-japones-dice-que-no-hay-que-precipitarse-en-acuerdo-arancelario-con-ee-uu","status":"publish","type":"post","link":"https:\/\/viajamagazine.com\/?p=27986","title":{"rendered":"Premier japon\u00e9s dice que no hay que precipitarse en acuerdo arancelario con EE. UU."},"content":{"rendered":"<p>TOKIO, 15 abr (Xinhua) &#8212; El primer ministro japon\u00e9s, Shigeru Ishiba, ha declarado que Jap\u00f3n no se apresurar\u00e1 a llegar a un acuerdo en las pr\u00f3ximas conversaciones comerciales con Estados Unidos sobre las medidas arancelarias. Durante una sesi\u00f3n del Comit\u00e9 de Presupuestos de la C\u00e1mara de Representantes celebrada el lunes, Ishiba hizo hincapi\u00e9 en la importancia de lograr un resultado que se alinee con los intereses nacionales de Jap\u00f3n bas\u00e1ndose en un an\u00e1lisis detallado. El debate en el Parlamento se centr\u00f3 en las recientes medidas arancelarias adoptadas por EE. UU., que van a tener importantes impactos negativos en las exportaciones japonesas. El Gobierno japon\u00e9s se est\u00e1 preparando para las negociaciones bilaterales que comenzar\u00e1n esta semana. Entre la serie de medidas arancelarias introducidas por EE. UU., la que ha suscitado mayor preocupaci\u00f3n en Jap\u00f3n es el arancel sobre los autom\u00f3viles. En 2024, las exportaciones de autom\u00f3viles de Jap\u00f3n a EE. UU. representaron el 28,3 por ciento del total de sus exportaciones al pa\u00eds. Seg\u00fan la Asociaci\u00f3n de Fabricantes de Autom\u00f3viles de Jap\u00f3n, en 2024 se exportaron a EE. UU. aproximadamente 1,37 millones de veh\u00edculos. Debido a las amplias conexiones de la industria del autom\u00f3vil con diversos sectores, las industrias relacionadas en Jap\u00f3n, como la siderurgia y la distribuci\u00f3n, tambi\u00e9n se ver\u00e1n gravemente afectadas. Fin<\/p>\n","protected":false},"excerpt":{"rendered":"<p>TOKIO, 15 abr (Xinhua) &#8212; El primer ministro japon\u00e9s, Shigeru Ishiba, ha declarado que Jap\u00f3n&#8230;<\/p>\n","protected":false},"author":1,"featured_media":0,"comment_status":"open","ping_status":"closed","sticky":false,"template":"","format":"standard","meta":{"footnotes":""},"categories":[2],"tags":[],"class_list":["post-27986","post","type-post","status-publish","format-standard","hentry","category-internacional"],"_links":{"self":[{"href":"https:\/\/viajamagazine.com\/index.php?rest_route=\/wp\/v2\/posts\/27986","targetHints":{"allow":["GET"]}}],"collection":[{"href":"https:\/\/viajamagazine.com\/index.php?rest_route=\/wp\/v2\/posts"}],"about":[{"href":"https:\/\/viajamagazine.com\/index.php?rest_route=\/wp\/v2\/types\/post"}],"author":[{"embeddable":true,"href":"https:\/\/viajamagazine.com\/index.php?rest_route=\/wp\/v2\/users\/1"}],"replies":[{"embeddable":true,"href":"https:\/\/viajamagazine.com\/index.php?rest_route=%2Fwp%2Fv2%2Fcomments&post=27986"}],"version-history":[{"count":1,"href":"https:\/\/viajamagazine.com\/index.php?rest_route=\/wp\/v2\/posts\/27986\/revisions"}],"predecessor-version":[{"id":27987,"href":"https:\/\/viajamagazine.com\/index.php?rest_route=\/wp\/v2\/posts\/27986\/revisions\/27987"}],"wp:attachment":[{"href":"https:\/\/viajamagazine.com\/index.php?rest_route=%2Fwp%2Fv2%2Fmedia&parent=27986"}],"wp:term":[{"taxonomy":"category","embeddable":true,"href":"https:\/\/viajamagazine.com\/index.php?rest_route=%2Fwp%2Fv2%2Fcategories&post=27986"},{"taxonomy":"post_tag","embeddable":true,"href":"https:\/\/viajamagazine.com\/index.php?rest_route=%2Fwp%2Fv2%2Ftags&post=27986"}],"curies":[{"name":"wp","href":"https:\/\/api.w.org\/{rel}","templated":true}]}}