{"id":27966,"date":"2025-04-16T18:03:32","date_gmt":"2025-04-17T00:03:32","guid":{"rendered":"https:\/\/viajamagazine.com\/?p=27966"},"modified":"2025-04-17T00:03:33","modified_gmt":"2025-04-17T00:03:33","slug":"tse-confirma-habilitacion-de-14-partidos-para-elecciones-generales-de-bolivia","status":"publish","type":"post","link":"https:\/\/viajamagazine.com\/?p=27966","title":{"rendered":"TSE confirma habilitaci\u00f3n de 14 partidos para elecciones generales de Bolivia"},"content":{"rendered":"<p>LA PAZ, 14 abr (Xinhua) &#8212; El Tribunal Supremo Electoral (TSE) de Bolivia confirm\u00f3 hoy lunes que 14 partidos pol\u00edticos y seis organizaciones ind\u00edgenas y campesinas est\u00e1n habilitados para participar en las elecciones generales de agosto pr\u00f3ximo. El vicepresidente del TSE, Francisco Vargas, adelant\u00f3 a los periodistas que, se estableci\u00f3 el siguiente viernes 18 de abril hasta las 23:59 hora local como l\u00edmite para el registro de organizaciones y alianzas pol\u00edticas ante el \u00d3rgano Electoral Plurinacional, sin que haya ninguna pr\u00f3rroga. Explic\u00f3 que para conformar alianzas est\u00e1n facultados uno o m\u00e1s partidos pol\u00edticos de alcance nacional con personer\u00eda jur\u00eddica vigente, en conjunto con agrupaciones ciudadanas departamentales, municipales o ambas y ser\u00e1 el TSE el que apruebe la alianza en un plazo m\u00e1ximo de tres d\u00edas. En tanto, al referirse a recientes movimientos sociales que promueven abiertamente candidaturas presidenciales al margen del marco legal, Vargas aclar\u00f3 que el TSE \u00abno ha autorizado la participaci\u00f3n de ning\u00fan sector de ninguna organizaci\u00f3n que no sean los partidos pol\u00edticos de alcance nacional que est\u00e1n dentro del marco de lo que establece la Ley de Organizaciones Pol\u00edticas\u00bb. Por su parte, el vocal del TSE, Tahuichi Tahuichi Quispe, manifest\u00f3 que hasta el momento ninguna alianza pol\u00edtica se ha registrado oficialmente. Mientras tanto, la eventual postulaci\u00f3n del expresidente Evo Morales (2006-2019) permanece en incertidumbre, tras la ruptura de su acuerdo con el partido Frente Para la Victoria debido a \u00abdesacuerdos\u00bb, aunque el pol\u00edtico ha asegurado que \u00abhay varios partidos\u00bb dispuestos a cederle su sigla para viabilizar su candidatura. El calendario electoral establece el 19 de mayo como fecha l\u00edmite para que las alianzas y partidos inscriban formalmente a sus candidatos a la Presidencia y Vicepresidencia. Fin<\/p>\n","protected":false},"excerpt":{"rendered":"<p>LA PAZ, 14 abr (Xinhua) &#8212; El Tribunal Supremo Electoral (TSE) de Bolivia confirm\u00f3 hoy&#8230;<\/p>\n","protected":false},"author":1,"featured_media":0,"comment_status":"open","ping_status":"closed","sticky":false,"template":"","format":"standard","meta":{"footnotes":""},"categories":[2],"tags":[],"class_list":["post-27966","post","type-post","status-publish","format-standard","hentry","category-internacional"],"_links":{"self":[{"href":"https:\/\/viajamagazine.com\/index.php?rest_route=\/wp\/v2\/posts\/27966","targetHints":{"allow":["GET"]}}],"collection":[{"href":"https:\/\/viajamagazine.com\/index.php?rest_route=\/wp\/v2\/posts"}],"about":[{"href":"https:\/\/viajamagazine.com\/index.php?rest_route=\/wp\/v2\/types\/post"}],"author":[{"embeddable":true,"href":"https:\/\/viajamagazine.com\/index.php?rest_route=\/wp\/v2\/users\/1"}],"replies":[{"embeddable":true,"href":"https:\/\/viajamagazine.com\/index.php?rest_route=%2Fwp%2Fv2%2Fcomments&post=27966"}],"version-history":[{"count":1,"href":"https:\/\/viajamagazine.com\/index.php?rest_route=\/wp\/v2\/posts\/27966\/revisions"}],"predecessor-version":[{"id":27967,"href":"https:\/\/viajamagazine.com\/index.php?rest_route=\/wp\/v2\/posts\/27966\/revisions\/27967"}],"wp:attachment":[{"href":"https:\/\/viajamagazine.com\/index.php?rest_route=%2Fwp%2Fv2%2Fmedia&parent=27966"}],"wp:term":[{"taxonomy":"category","embeddable":true,"href":"https:\/\/viajamagazine.com\/index.php?rest_route=%2Fwp%2Fv2%2Fcategories&post=27966"},{"taxonomy":"post_tag","embeddable":true,"href":"https:\/\/viajamagazine.com\/index.php?rest_route=%2Fwp%2Fv2%2Ftags&post=27966"}],"curies":[{"name":"wp","href":"https:\/\/api.w.org\/{rel}","templated":true}]}}