{"id":27962,"date":"2025-04-16T18:02:35","date_gmt":"2025-04-17T00:02:35","guid":{"rendered":"https:\/\/viajamagazine.com\/?p=27962"},"modified":"2025-04-17T00:02:35","modified_gmt":"2025-04-17T00:02:35","slug":"expresidente-brasileno-bolsonaro-no-tiene-prevision-de-alta-tras-cirugia-de-12-horas","status":"publish","type":"post","link":"https:\/\/viajamagazine.com\/?p=27962","title":{"rendered":"Expresidente brasile\u00f1o Bolsonaro no tiene previsi\u00f3n de alta tras cirug\u00eda de 12 horas"},"content":{"rendered":"<div class=\"el-scrollbar__wrap\">\n<div class=\"el-scrollbar__view\">\n<div class=\"news-content\" data-v-1eda797c=\"\">BRASILIA, 14 abr (Xinhua) &#8212; El expresidente brasile\u00f1o, Jair Bolsonaro (2019-2022), permanece en terapia intensiva tras una cirug\u00eda de 12 horas que se le practic\u00f3 el domingo en Brasilia y no tiene previsi\u00f3n de alta, dijo hoy lunes el cardi\u00f3logo Leandro Echenique durante una rueda de prensa. Bolsonaro fue sometido a una laparotom\u00eda exploratoria en el hospital DF Star para desobstruir el intestino y reconstruir la pared abdominal, procedimiento que result\u00f3 \u00abmuy complejo\u00bb. Seg\u00fan el cardi\u00f3logo, aunque delicada, la cirug\u00eda sali\u00f3 bien y el expresidente permanecer\u00e1n bajo cuidados para que no sufra ninguna complicaci\u00f3n durante el postoperatorio. \u00abEl resultado final fue excelente. No hubo complicaciones\u00bb, dijo el m\u00e9dico en conversaci\u00f3n con los periodistas. Claudio Birolini, jefe del equipo quir\u00fargico, se\u00f1al\u00f3 que durante el procedimiento se identific\u00f3 una torcedura en el intestino delgado que obstru\u00eda la regi\u00f3n. Esta fue la sexta cirug\u00eda de Jair Bolsonaro debido a complicaciones de una pu\u00f1alada que recibi\u00f3 en un acto pol\u00edtico durante la campa\u00f1a electoral de 2018. Principal l\u00edder la oposici\u00f3n al Gobierno de Luiz In\u00e1cio Lula da Silva, Bolsonaro fue declarado en 2023 inelegible hasta 2030 por la Justicia electoral, por abuso del poder pol\u00edtico y uso indebido de los medios de comunicaci\u00f3n. Fin<\/div>\n<\/div>\n<\/div>\n<div class=\"el-scrollbar__bar is-horizontal\"><\/div>\n","protected":false},"excerpt":{"rendered":"<p>BRASILIA, 14 abr (Xinhua) &#8212; El expresidente brasile\u00f1o, Jair Bolsonaro (2019-2022), permanece en terapia intensiva&#8230;<\/p>\n","protected":false},"author":1,"featured_media":0,"comment_status":"open","ping_status":"closed","sticky":false,"template":"","format":"standard","meta":{"footnotes":""},"categories":[2],"tags":[],"class_list":["post-27962","post","type-post","status-publish","format-standard","hentry","category-internacional"],"_links":{"self":[{"href":"https:\/\/viajamagazine.com\/index.php?rest_route=\/wp\/v2\/posts\/27962","targetHints":{"allow":["GET"]}}],"collection":[{"href":"https:\/\/viajamagazine.com\/index.php?rest_route=\/wp\/v2\/posts"}],"about":[{"href":"https:\/\/viajamagazine.com\/index.php?rest_route=\/wp\/v2\/types\/post"}],"author":[{"embeddable":true,"href":"https:\/\/viajamagazine.com\/index.php?rest_route=\/wp\/v2\/users\/1"}],"replies":[{"embeddable":true,"href":"https:\/\/viajamagazine.com\/index.php?rest_route=%2Fwp%2Fv2%2Fcomments&post=27962"}],"version-history":[{"count":1,"href":"https:\/\/viajamagazine.com\/index.php?rest_route=\/wp\/v2\/posts\/27962\/revisions"}],"predecessor-version":[{"id":27963,"href":"https:\/\/viajamagazine.com\/index.php?rest_route=\/wp\/v2\/posts\/27962\/revisions\/27963"}],"wp:attachment":[{"href":"https:\/\/viajamagazine.com\/index.php?rest_route=%2Fwp%2Fv2%2Fmedia&parent=27962"}],"wp:term":[{"taxonomy":"category","embeddable":true,"href":"https:\/\/viajamagazine.com\/index.php?rest_route=%2Fwp%2Fv2%2Fcategories&post=27962"},{"taxonomy":"post_tag","embeddable":true,"href":"https:\/\/viajamagazine.com\/index.php?rest_route=%2Fwp%2Fv2%2Ftags&post=27962"}],"curies":[{"name":"wp","href":"https:\/\/api.w.org\/{rel}","templated":true}]}}