{"id":27960,"date":"2025-04-16T18:02:09","date_gmt":"2025-04-17T00:02:09","guid":{"rendered":"https:\/\/viajamagazine.com\/?p=27960"},"modified":"2025-04-17T00:02:10","modified_gmt":"2025-04-17T00:02:10","slug":"vargas-llosa-deja-huella-imborrable-en-historia-de-las-letras-afirma-presidenta-de-peru","status":"publish","type":"post","link":"https:\/\/viajamagazine.com\/?p=27960","title":{"rendered":"Vargas Llosa deja \u00abhuella imborrable\u00bb en historia de las letras, afirma presidenta de Per\u00fa"},"content":{"rendered":"<p>LIMA, 14 abr (Xinhua) &#8212; La presidenta de Per\u00fa, Dina Boluarte, asegur\u00f3 hoy lunes que el fallecido escritor peruano Mario Vargas Llosa ha partido dejando una \u00abhuella imborrable en la historia de las letras\u00bb, al haber sido autor de \u00abobras monumentales\u00bb. Durante una actividad oficial celebrada en el Palacio de Gobierno, en Lima, la mandataria aprovech\u00f3 para pedir un minuto de silencio para el reconocido Premio Nobel de Literatura que perdi\u00f3 la vida ayer domingo en la capital del pa\u00eds andino, seg\u00fan confirm\u00f3 su hijo \u00c1lvaro Vargas Llosa. \u00abQuiero, con profundo pesar y recogimiento, rendir homenaje a la memoria de uno de los m\u00e1s grandes exponentes de la literatura universal, Mario Vargas Llosa, escritor, novelista y ensayista peruano de talla mundial\u00bb, subray\u00f3 la mandataria. Resalt\u00f3 que \u00absu legado trasciende fronteras y generaciones, su pluma magistral, l\u00facida y cr\u00edtica, ilumin\u00f3 las complejidades de su biograf\u00eda, de su entorno familiar y de la pol\u00edtica latinoamericana\u00bb, y supo tratar \u00abcon profundidad y valent\u00eda\u00bb las tensiones pol\u00edticas, morales y humanas de la regi\u00f3n. Tambi\u00e9n destac\u00f3 que el fallecido escritor de 89 a\u00f1os fue reconocido con los m\u00e1s altos galardones, entre ellos el Premio Nobel de Literatura en el a\u00f1o 2010, el Premio Cervantes, el Pr\u00edncipe de Asturias de las Letras y doctorados \u00abhonoris causa\u00bb por las m\u00e1s prestigiosas universidades del mundo. \u00abHoy, el Per\u00fa y el mundo despiden a un ilustre peruano universal\u00bb, continu\u00f3 la mandataria, quien en el a\u00f1o 2023 otorg\u00f3 a Vargas Llosa la Orden El Sol del Per\u00fa en el grado de Gran Collar, como un reconocimiento del pa\u00eds por su excepcional trayectoria literaria y el aporte universal que hizo con sus obras. Se debe mencionar que el Gobierno de Per\u00fa public\u00f3 un decreto supremo en el que declar\u00f3 duelo nacional este 14 de abril, considerando, entre otras cosas, que el escritor \u00abes una figura de reconocimiento universal cuya obra ha contribuido a que la literatura y la cultura peruana sea reconocida a nivel mundial\u00bb. En ese contexto, se decidi\u00f3 que por este d\u00eda el pabell\u00f3n nacional sea izado a media asta en todos los edificios p\u00fablicos, instalaciones militares, bases, buques, locales policiales y dem\u00e1s dependencias del Estado a nivel nacional. Fin<\/p>\n","protected":false},"excerpt":{"rendered":"<p>LIMA, 14 abr (Xinhua) &#8212; La presidenta de Per\u00fa, Dina Boluarte, asegur\u00f3 hoy lunes que&#8230;<\/p>\n","protected":false},"author":1,"featured_media":0,"comment_status":"open","ping_status":"closed","sticky":false,"template":"","format":"standard","meta":{"footnotes":""},"categories":[2],"tags":[],"class_list":["post-27960","post","type-post","status-publish","format-standard","hentry","category-internacional"],"_links":{"self":[{"href":"https:\/\/viajamagazine.com\/index.php?rest_route=\/wp\/v2\/posts\/27960","targetHints":{"allow":["GET"]}}],"collection":[{"href":"https:\/\/viajamagazine.com\/index.php?rest_route=\/wp\/v2\/posts"}],"about":[{"href":"https:\/\/viajamagazine.com\/index.php?rest_route=\/wp\/v2\/types\/post"}],"author":[{"embeddable":true,"href":"https:\/\/viajamagazine.com\/index.php?rest_route=\/wp\/v2\/users\/1"}],"replies":[{"embeddable":true,"href":"https:\/\/viajamagazine.com\/index.php?rest_route=%2Fwp%2Fv2%2Fcomments&post=27960"}],"version-history":[{"count":1,"href":"https:\/\/viajamagazine.com\/index.php?rest_route=\/wp\/v2\/posts\/27960\/revisions"}],"predecessor-version":[{"id":27961,"href":"https:\/\/viajamagazine.com\/index.php?rest_route=\/wp\/v2\/posts\/27960\/revisions\/27961"}],"wp:attachment":[{"href":"https:\/\/viajamagazine.com\/index.php?rest_route=%2Fwp%2Fv2%2Fmedia&parent=27960"}],"wp:term":[{"taxonomy":"category","embeddable":true,"href":"https:\/\/viajamagazine.com\/index.php?rest_route=%2Fwp%2Fv2%2Fcategories&post=27960"},{"taxonomy":"post_tag","embeddable":true,"href":"https:\/\/viajamagazine.com\/index.php?rest_route=%2Fwp%2Fv2%2Ftags&post=27960"}],"curies":[{"name":"wp","href":"https:\/\/api.w.org\/{rel}","templated":true}]}}