{"id":27958,"date":"2025-04-16T18:01:30","date_gmt":"2025-04-17T00:01:30","guid":{"rendered":"https:\/\/viajamagazine.com\/?p=27958"},"modified":"2025-04-17T00:01:31","modified_gmt":"2025-04-17T00:01:31","slug":"presidente-de-brasil-reconoce-victoria-de-mandatario-reelecto-de-ecuador","status":"publish","type":"post","link":"https:\/\/viajamagazine.com\/?p=27958","title":{"rendered":"Presidente de Brasil reconoce victoria de mandatario reelecto de Ecuador"},"content":{"rendered":"<p>SAO PAULO, 14 abr (Xinhua) &#8212; El presidente de Brasil, Luiz In\u00e1cio Lula da Silva, reconoci\u00f3 este lunes por la noche la reelecci\u00f3n del mandatario ecuatoriano, Daniel Noboa, a quien felicit\u00f3 y convoc\u00f3 a trabajar por el multilateralismo. \u00abSaludo al pueblo ecuatoriano y al presidente reelecto, Daniel Noboa, por las elecciones del domingo. Brasil seguir\u00e1 trabajando con Ecuador en defensa del multilateralismo, la integraci\u00f3n sudamericana y el desarrollo sostenible de la Amazon\u00eda\u00bb, escribi\u00f3 Lula, en una nota oficial publicada en sus redes sociales. Noboa, de Acci\u00f3n Democr\u00e1tica Nacional, logr\u00f3 la reelecci\u00f3n al vencer en segunda vuelta, el domingo, a la candidata Luisa Gonz\u00e1lez, por 55,6 a 44,4 por ciento, seg\u00fan los primeros resultados oficiales difundidos por el Consejo Nacional Electoral (CNE). Gonz\u00e1lez pidi\u00f3 un recuento de los votos antes de aceptar los resultados divulgados por el CNE. Fin<\/p>\n","protected":false},"excerpt":{"rendered":"<p>SAO PAULO, 14 abr (Xinhua) &#8212; El presidente de Brasil, Luiz In\u00e1cio Lula da Silva,&#8230;<\/p>\n","protected":false},"author":1,"featured_media":0,"comment_status":"open","ping_status":"closed","sticky":false,"template":"","format":"standard","meta":{"footnotes":""},"categories":[2],"tags":[],"class_list":["post-27958","post","type-post","status-publish","format-standard","hentry","category-internacional"],"_links":{"self":[{"href":"https:\/\/viajamagazine.com\/index.php?rest_route=\/wp\/v2\/posts\/27958","targetHints":{"allow":["GET"]}}],"collection":[{"href":"https:\/\/viajamagazine.com\/index.php?rest_route=\/wp\/v2\/posts"}],"about":[{"href":"https:\/\/viajamagazine.com\/index.php?rest_route=\/wp\/v2\/types\/post"}],"author":[{"embeddable":true,"href":"https:\/\/viajamagazine.com\/index.php?rest_route=\/wp\/v2\/users\/1"}],"replies":[{"embeddable":true,"href":"https:\/\/viajamagazine.com\/index.php?rest_route=%2Fwp%2Fv2%2Fcomments&post=27958"}],"version-history":[{"count":1,"href":"https:\/\/viajamagazine.com\/index.php?rest_route=\/wp\/v2\/posts\/27958\/revisions"}],"predecessor-version":[{"id":27959,"href":"https:\/\/viajamagazine.com\/index.php?rest_route=\/wp\/v2\/posts\/27958\/revisions\/27959"}],"wp:attachment":[{"href":"https:\/\/viajamagazine.com\/index.php?rest_route=%2Fwp%2Fv2%2Fmedia&parent=27958"}],"wp:term":[{"taxonomy":"category","embeddable":true,"href":"https:\/\/viajamagazine.com\/index.php?rest_route=%2Fwp%2Fv2%2Fcategories&post=27958"},{"taxonomy":"post_tag","embeddable":true,"href":"https:\/\/viajamagazine.com\/index.php?rest_route=%2Fwp%2Fv2%2Ftags&post=27958"}],"curies":[{"name":"wp","href":"https:\/\/api.w.org\/{rel}","templated":true}]}}