{"id":27954,"date":"2025-04-16T18:00:37","date_gmt":"2025-04-17T00:00:37","guid":{"rendered":"https:\/\/viajamagazine.com\/?p=27954"},"modified":"2025-04-17T00:00:38","modified_gmt":"2025-04-17T00:00:38","slug":"presidente-chileno-presenta-acciones-para-implementar-corredor-vial-entre-atlantico-y-pacifico","status":"publish","type":"post","link":"https:\/\/viajamagazine.com\/?p=27954","title":{"rendered":"Presidente chileno presenta acciones para implementar corredor vial entre Atl\u00e1ntico y Pac\u00edfico"},"content":{"rendered":"<div class=\"el-scrollbar__wrap\">\n<div class=\"el-scrollbar__view\">\n<div class=\"news-content\" data-v-1eda797c=\"\">SANTIAGO, 14 abr (Xinhua) &#8212; El presidente chileno, Gabriel Boric, present\u00f3 hoy lunes el plan de acci\u00f3n para implementar en el pa\u00eds el megaproyecto bioce\u00e1nico de infraestructura que busca conectar Sudam\u00e9rica con Asia, una iniciativa impulsada junto a Paraguay, Argentina y Brasil. El llamado Corredor Bioce\u00e1nico Vial unir\u00e1 los puertos del Atl\u00e1ntico y del Pac\u00edfico para facilitar el intercambio comercial a trav\u00e9s de una ruta de 2.400 kil\u00f3metros. Chile va a potenciar y mejorar la infraestructura p\u00fablica del funcionamiento del corredor, facilitar el tr\u00e1nsito entre los pa\u00edses, as\u00ed como construir un sitio de inspecci\u00f3n para la fiscalizaci\u00f3n y el control de cargas m\u00e1s cerca de la frontera, en las cercan\u00edas del Paso Jama, se\u00f1al\u00f3 en un discurso el mandatario chileno. El proyecto, comparado con el Canal de Panam\u00e1, considera un trayecto carretero que unir\u00e1 el sur de Brasil, atravesando el Chaco paraguayo, para luego pasar por el noroeste argentino a trav\u00e9s de las provincias de Salta y Jujuy, hasta alcanzar el norte de Chile y sus puertos en Antofagasta, Mejillones e Iquique. Esta iniciativa permitir\u00e1 \u00abuna mejora en la eficiencia log\u00edstica, reduciendo costos operativos y tiempos de transporte\u00bb, sostuvo Boric. En noviembre del a\u00f1o pasado, representantes de los pa\u00edses involucrados acordaron las medidas necesarias para la pronta puesta en funcionamiento del Corredor Bioce\u00e1nico Vial, en el marco de la 11\u00aa reuni\u00f3n del grupo de trabajo de coordinadores nacionales, celebrada en la capital paraguaya, Asunci\u00f3n. Fin<\/div>\n<\/div>\n<\/div>\n<div class=\"el-scrollbar__bar is-horizontal\"><\/div>\n","protected":false},"excerpt":{"rendered":"<p>SANTIAGO, 14 abr (Xinhua) &#8212; El presidente chileno, Gabriel Boric, present\u00f3 hoy lunes el plan&#8230;<\/p>\n","protected":false},"author":1,"featured_media":0,"comment_status":"open","ping_status":"closed","sticky":false,"template":"","format":"standard","meta":{"footnotes":""},"categories":[2],"tags":[],"class_list":["post-27954","post","type-post","status-publish","format-standard","hentry","category-internacional"],"_links":{"self":[{"href":"https:\/\/viajamagazine.com\/index.php?rest_route=\/wp\/v2\/posts\/27954","targetHints":{"allow":["GET"]}}],"collection":[{"href":"https:\/\/viajamagazine.com\/index.php?rest_route=\/wp\/v2\/posts"}],"about":[{"href":"https:\/\/viajamagazine.com\/index.php?rest_route=\/wp\/v2\/types\/post"}],"author":[{"embeddable":true,"href":"https:\/\/viajamagazine.com\/index.php?rest_route=\/wp\/v2\/users\/1"}],"replies":[{"embeddable":true,"href":"https:\/\/viajamagazine.com\/index.php?rest_route=%2Fwp%2Fv2%2Fcomments&post=27954"}],"version-history":[{"count":1,"href":"https:\/\/viajamagazine.com\/index.php?rest_route=\/wp\/v2\/posts\/27954\/revisions"}],"predecessor-version":[{"id":27955,"href":"https:\/\/viajamagazine.com\/index.php?rest_route=\/wp\/v2\/posts\/27954\/revisions\/27955"}],"wp:attachment":[{"href":"https:\/\/viajamagazine.com\/index.php?rest_route=%2Fwp%2Fv2%2Fmedia&parent=27954"}],"wp:term":[{"taxonomy":"category","embeddable":true,"href":"https:\/\/viajamagazine.com\/index.php?rest_route=%2Fwp%2Fv2%2Fcategories&post=27954"},{"taxonomy":"post_tag","embeddable":true,"href":"https:\/\/viajamagazine.com\/index.php?rest_route=%2Fwp%2Fv2%2Ftags&post=27954"}],"curies":[{"name":"wp","href":"https:\/\/api.w.org\/{rel}","templated":true}]}}