{"id":27944,"date":"2025-04-16T17:57:51","date_gmt":"2025-04-16T23:57:51","guid":{"rendered":"https:\/\/viajamagazine.com\/?p=27944"},"modified":"2025-04-16T23:57:52","modified_gmt":"2025-04-16T23:57:52","slug":"presidenta-de-mexico-lamenta-muerte-de-vargas-llosa","status":"publish","type":"post","link":"https:\/\/viajamagazine.com\/?p=27944","title":{"rendered":"Presidenta de M\u00e9xico lamenta muerte de Vargas Llosa"},"content":{"rendered":"<p>M\u00c9XICO, 14 abr (Xinhua) &#8212; La presidenta de M\u00e9xico, Claudia Sheinbaum, lament\u00f3 hoy lunes el deceso la v\u00edspera del escritor peruano Mario Vargas Llosa, premio Nobel de Literatura, y resalt\u00f3 su \u00abgrandeza\u00bb como escritor. \u00abM\u00e1s all\u00e1 de las diferencias pol\u00edticas, siempre hay que reconocer la grandeza de un escritor. Entonces, vaya, nuestro reconocimiento, nuestras palabras y el p\u00e9same a sus familiares\u00bb, expres\u00f3 la mandataria durante su conferencia de prensa diaria desde la Ciudad de M\u00e9xico. Vargas Llosa, quien muri\u00f3 a los 89 a\u00f1os de edad, escribi\u00f3 importantes obras como \u00abLa ciudad y los perros\u00bb, \u00abLa guerra del fin del mundo\u00bb, \u00abLa civilizaci\u00f3n del espect\u00e1culo\u00bb y \u00abLa fiesta del chivo\u00bb y fue galardonado con el Nobel de Literatura en el 2010 y con el Premio Pr\u00edncipe de Asturias de Las Letras en 1986. Fin<\/p>\n","protected":false},"excerpt":{"rendered":"<p>M\u00c9XICO, 14 abr (Xinhua) &#8212; La presidenta de M\u00e9xico, Claudia Sheinbaum, lament\u00f3 hoy lunes el&#8230;<\/p>\n","protected":false},"author":1,"featured_media":0,"comment_status":"open","ping_status":"closed","sticky":false,"template":"","format":"standard","meta":{"footnotes":""},"categories":[2],"tags":[],"class_list":["post-27944","post","type-post","status-publish","format-standard","hentry","category-internacional"],"_links":{"self":[{"href":"https:\/\/viajamagazine.com\/index.php?rest_route=\/wp\/v2\/posts\/27944","targetHints":{"allow":["GET"]}}],"collection":[{"href":"https:\/\/viajamagazine.com\/index.php?rest_route=\/wp\/v2\/posts"}],"about":[{"href":"https:\/\/viajamagazine.com\/index.php?rest_route=\/wp\/v2\/types\/post"}],"author":[{"embeddable":true,"href":"https:\/\/viajamagazine.com\/index.php?rest_route=\/wp\/v2\/users\/1"}],"replies":[{"embeddable":true,"href":"https:\/\/viajamagazine.com\/index.php?rest_route=%2Fwp%2Fv2%2Fcomments&post=27944"}],"version-history":[{"count":1,"href":"https:\/\/viajamagazine.com\/index.php?rest_route=\/wp\/v2\/posts\/27944\/revisions"}],"predecessor-version":[{"id":27945,"href":"https:\/\/viajamagazine.com\/index.php?rest_route=\/wp\/v2\/posts\/27944\/revisions\/27945"}],"wp:attachment":[{"href":"https:\/\/viajamagazine.com\/index.php?rest_route=%2Fwp%2Fv2%2Fmedia&parent=27944"}],"wp:term":[{"taxonomy":"category","embeddable":true,"href":"https:\/\/viajamagazine.com\/index.php?rest_route=%2Fwp%2Fv2%2Fcategories&post=27944"},{"taxonomy":"post_tag","embeddable":true,"href":"https:\/\/viajamagazine.com\/index.php?rest_route=%2Fwp%2Fv2%2Ftags&post=27944"}],"curies":[{"name":"wp","href":"https:\/\/api.w.org\/{rel}","templated":true}]}}