{"id":27942,"date":"2025-04-16T17:55:22","date_gmt":"2025-04-16T23:55:22","guid":{"rendered":"https:\/\/viajamagazine.com\/?p=27942"},"modified":"2025-04-16T23:55:23","modified_gmt":"2025-04-16T23:55:23","slug":"presidente-argentino-afirma-que-fin-de-control-cambiario-rompe-una-de-las-cadenas-mas-pesadas-para-el-pais","status":"publish","type":"post","link":"https:\/\/viajamagazine.com\/?p=27942","title":{"rendered":"Presidente argentino afirma que fin de control cambiario rompe \u00abuna de las cadenas m\u00e1s pesadas\u00bb para el pa\u00eds"},"content":{"rendered":"<p>BUENOS AIRES, 14 abr (Xinhua) &#8212; El presidente de Argentina, Javier Milei, destac\u00f3 hoy lunes el primer d\u00eda sin controles cambiarios en el pa\u00eds tras la decisi\u00f3n de levantar el \u00abcepo\u00bb, asegurando que se ha roto \u00abuna de las cadenas m\u00e1s pesadas\u00bb para la econom\u00eda local. \u00abHoy es un d\u00eda muy importante porque hemos roto otra cadena m\u00e1s, una de las cadenas m\u00e1s pesadas y m\u00e1s dif\u00edciles\u00bb, sostuvo Milei en declaraciones a la emisora local \u00abEl Observador\u00bb. \u00abEste cepo que se puso durante el final del Gobierno del (expresidente Mauricio) Macri generando un monstruo cambiario que adem\u00e1s &#8216;defaulte\u00f3&#8217; la deuda en pesos (&#8230;) algo in\u00e9dito\u00bb, agreg\u00f3. El mandatario celebr\u00f3 la medida y explic\u00f3 las etapas que tuvo que atravesar su Gobierno para eliminar las restricciones. \u00abDesarmar ese cepo implicaba quitar varias capas, cosa que empezamos a hacer desde el primer d\u00eda, y hoy definitivamente hemos liberado el mercado de cambios tal como lo hab\u00edamos prometido y sin especulaci\u00f3n pol\u00edtica\u00bb, enfatiz\u00f3. Milei detall\u00f3 que la eliminaci\u00f3n de los controles cambiarios se logr\u00f3 tras cumplir tres condiciones, siendo la primera que la inflaci\u00f3n convergiera con el ritmo de devaluaci\u00f3n del tipo de cambio oficial (1 por ciento), la segunda regularizar la base monetaria y la tercera recapitalizar el Banco Central de la Rep\u00fablica Argentina (BCRA). Detall\u00f3 que esta \u00faltima condici\u00f3n, fue posible con el acuerdo financiero alcanzado junto al Fondo Monetario Internacional (FMI), con el que se concert\u00f3 un programa de Facilidades Extendidas (EFF, siglas en ingl\u00e9s) por 20.000 millones de d\u00f3lares, monto que estar\u00e1 orientado principalmente a recomponer las reservas negativas netas. Sobre la cotizaci\u00f3n del d\u00f3lar de ahora en adelante, y el sistema de flotaci\u00f3n de bandas que rige desde hoy, vaticin\u00f3 que el valor se ubicar\u00e1 en niveles cercanos a la banda inferior que es de 1.000 pesos por unidad. El Gobierno argentino comunic\u00f3 el pasado viernes el levantamiento del control cambiario que hab\u00eda estado vigente desde el \u00faltimo per\u00edodo de 2019. Esta normativa limitaba a las personas a la compra mensual de hasta 200 d\u00f3lares y establec\u00eda m\u00faltiples trabas para las operaciones empresariales. El nuevo modelo adoptado es un r\u00e9gimen de flotaci\u00f3n dentro de dos bandas, con un tipo de cambio oficial que oscilar\u00e1 entre los 1.000 y 1.400 pesos por unidad manteniendo una devaluaci\u00f3n mensual del 1 por ciento. Entre los cambios implementados, se suprime el recargo impositivo del 30 por ciento que se aplicaba a la compra de d\u00f3lares para ahorro, una percepci\u00f3n que, no obstante, seguir\u00e1 vigente para consumos en el exterior con tarjeta y servicios vinculados al turismo fuera del pa\u00eds. Tambi\u00e9n qued\u00f3 sin efecto el mecanismo del \u00abd\u00f3lar blend\u00bb, que permit\u00eda a los exportadores vender divisas bajo una f\u00f3rmula mixta. Fin<\/p>\n","protected":false},"excerpt":{"rendered":"<p>BUENOS AIRES, 14 abr (Xinhua) &#8212; El presidente de Argentina, Javier Milei, destac\u00f3 hoy lunes&#8230;<\/p>\n","protected":false},"author":1,"featured_media":0,"comment_status":"open","ping_status":"closed","sticky":false,"template":"","format":"standard","meta":{"footnotes":""},"categories":[2],"tags":[],"class_list":["post-27942","post","type-post","status-publish","format-standard","hentry","category-internacional"],"_links":{"self":[{"href":"https:\/\/viajamagazine.com\/index.php?rest_route=\/wp\/v2\/posts\/27942","targetHints":{"allow":["GET"]}}],"collection":[{"href":"https:\/\/viajamagazine.com\/index.php?rest_route=\/wp\/v2\/posts"}],"about":[{"href":"https:\/\/viajamagazine.com\/index.php?rest_route=\/wp\/v2\/types\/post"}],"author":[{"embeddable":true,"href":"https:\/\/viajamagazine.com\/index.php?rest_route=\/wp\/v2\/users\/1"}],"replies":[{"embeddable":true,"href":"https:\/\/viajamagazine.com\/index.php?rest_route=%2Fwp%2Fv2%2Fcomments&post=27942"}],"version-history":[{"count":1,"href":"https:\/\/viajamagazine.com\/index.php?rest_route=\/wp\/v2\/posts\/27942\/revisions"}],"predecessor-version":[{"id":27943,"href":"https:\/\/viajamagazine.com\/index.php?rest_route=\/wp\/v2\/posts\/27942\/revisions\/27943"}],"wp:attachment":[{"href":"https:\/\/viajamagazine.com\/index.php?rest_route=%2Fwp%2Fv2%2Fmedia&parent=27942"}],"wp:term":[{"taxonomy":"category","embeddable":true,"href":"https:\/\/viajamagazine.com\/index.php?rest_route=%2Fwp%2Fv2%2Fcategories&post=27942"},{"taxonomy":"post_tag","embeddable":true,"href":"https:\/\/viajamagazine.com\/index.php?rest_route=%2Fwp%2Fv2%2Ftags&post=27942"}],"curies":[{"name":"wp","href":"https:\/\/api.w.org\/{rel}","templated":true}]}}