{"id":27932,"date":"2025-04-16T17:52:43","date_gmt":"2025-04-16T23:52:43","guid":{"rendered":"https:\/\/viajamagazine.com\/?p=27932"},"modified":"2025-04-16T23:52:44","modified_gmt":"2025-04-16T23:52:44","slug":"panama-felicita-a-noboa-por-triunfo-electoral-en-ecuador","status":"publish","type":"post","link":"https:\/\/viajamagazine.com\/?p=27932","title":{"rendered":"Panam\u00e1 felicita a Noboa por triunfo electoral en Ecuador"},"content":{"rendered":"<p>PANAM\u00c1, 14 abr (Xinhua) &#8212; El presidente de la Rep\u00fablica de Panam\u00e1, Jos\u00e9 Ra\u00fal Mulino, felicit\u00f3 hoy lunes al presidente electo de Ecuador, Daniel Noboa, por victoria en la segunda vuelta electoral celebrada este domingo. \u00ab\u00a1Muchos \u00e9xitos en su nuevo mandato!\u00bb, expres\u00f3 el mandatario paname\u00f1o en su cuenta X. En tanto, la Canciller\u00eda paname\u00f1a expres\u00f3 \u00absus m\u00e1s sinceras felicitaciones\u00bb al presidente reelecto de Ecuador, Daniel Noboa. \u00abNos unimos a las c\u00e1lidas palabras del presidente Jos\u00e9 Ra\u00fal Mulino, quien ha destacado esta reelecci\u00f3n como un reflejo de la confianza depositada en su visi\u00f3n y compromiso con el desarrollo del Ecuador\u00bb, destac\u00f3 la Canciller\u00eda en un comunicado. Noboa, un millonario empresario de 37 a\u00f1os, fue reelegido en la segunda vuelta electoral celebrada este domingo para un mandato de cuatro a\u00f1os con el 92,64 por ciento de las actas escrutadas, seg\u00fan los primeros resultados oficiales difundidos por el Consejo Nacional Electoral (CNE). Fin<\/p>\n","protected":false},"excerpt":{"rendered":"<p>PANAM\u00c1, 14 abr (Xinhua) &#8212; El presidente de la Rep\u00fablica de Panam\u00e1, Jos\u00e9 Ra\u00fal Mulino,&#8230;<\/p>\n","protected":false},"author":1,"featured_media":0,"comment_status":"open","ping_status":"closed","sticky":false,"template":"","format":"standard","meta":{"footnotes":""},"categories":[2],"tags":[],"class_list":["post-27932","post","type-post","status-publish","format-standard","hentry","category-internacional"],"_links":{"self":[{"href":"https:\/\/viajamagazine.com\/index.php?rest_route=\/wp\/v2\/posts\/27932","targetHints":{"allow":["GET"]}}],"collection":[{"href":"https:\/\/viajamagazine.com\/index.php?rest_route=\/wp\/v2\/posts"}],"about":[{"href":"https:\/\/viajamagazine.com\/index.php?rest_route=\/wp\/v2\/types\/post"}],"author":[{"embeddable":true,"href":"https:\/\/viajamagazine.com\/index.php?rest_route=\/wp\/v2\/users\/1"}],"replies":[{"embeddable":true,"href":"https:\/\/viajamagazine.com\/index.php?rest_route=%2Fwp%2Fv2%2Fcomments&post=27932"}],"version-history":[{"count":1,"href":"https:\/\/viajamagazine.com\/index.php?rest_route=\/wp\/v2\/posts\/27932\/revisions"}],"predecessor-version":[{"id":27933,"href":"https:\/\/viajamagazine.com\/index.php?rest_route=\/wp\/v2\/posts\/27932\/revisions\/27933"}],"wp:attachment":[{"href":"https:\/\/viajamagazine.com\/index.php?rest_route=%2Fwp%2Fv2%2Fmedia&parent=27932"}],"wp:term":[{"taxonomy":"category","embeddable":true,"href":"https:\/\/viajamagazine.com\/index.php?rest_route=%2Fwp%2Fv2%2Fcategories&post=27932"},{"taxonomy":"post_tag","embeddable":true,"href":"https:\/\/viajamagazine.com\/index.php?rest_route=%2Fwp%2Fv2%2Ftags&post=27932"}],"curies":[{"name":"wp","href":"https:\/\/api.w.org\/{rel}","templated":true}]}}