{"id":27910,"date":"2025-04-16T17:22:55","date_gmt":"2025-04-16T23:22:55","guid":{"rendered":"https:\/\/viajamagazine.com\/?p=27910"},"modified":"2025-04-16T23:22:56","modified_gmt":"2025-04-16T23:22:56","slug":"presidente-de-chile-felicita-a-noboa-por-triunfo-electoral-en-ecuador","status":"publish","type":"post","link":"https:\/\/viajamagazine.com\/?p=27910","title":{"rendered":"Presidente de Chile felicita a Noboa por triunfo electoral en Ecuador"},"content":{"rendered":"<p>SANTIAGO, 14 abr (Xinhua) &#8212; El presidente chileno, Gabriel Boric, felicit\u00f3 hoy lunes la reelecci\u00f3n presidencial del ecuatoriano Daniel Noboa, quien permanecer\u00e1 al mando de Ecuador por los pr\u00f3ximos cuatro a\u00f1os. \u00abDesde Chile saludamos al pueblo ecuatoriano por su participaci\u00f3n democr\u00e1tica el d\u00eda de ayer. Felicito al presidente electo Daniel Noboa por este nuevo periodo que comienza\u00bb, se\u00f1al\u00f3 Boric en su cuenta de la red social X. Noboa fue reelegido en la segunda vuelta de las elecciones efectuadas el domingo para un nuevo mandato presidencial con el 55,83 por ciento de los votos, seg\u00fan los resultados m\u00e1s recientes difundidos por el Consejo Nacional Electoral (CNE) de Ecuador. Noboa venci\u00f3 a su contrincante, Luisa Gonz\u00e1lez, quien obtuvo el 44,17 por ciento de los sufragios, por lo que gobernar\u00e1 para el per\u00edodo 2025-2029. El mandatario chileno reconoci\u00f3 a su vez \u00aba quienes, como Luisa Gonz\u00e1lez, han contribuido a fortalecer el debate democr\u00e1tico con visi\u00f3n y coraje\u00bb. Fin<\/p>\n","protected":false},"excerpt":{"rendered":"<p>SANTIAGO, 14 abr (Xinhua) &#8212; El presidente chileno, Gabriel Boric, felicit\u00f3 hoy lunes la reelecci\u00f3n&#8230;<\/p>\n","protected":false},"author":1,"featured_media":0,"comment_status":"open","ping_status":"closed","sticky":false,"template":"","format":"standard","meta":{"footnotes":""},"categories":[2],"tags":[],"class_list":["post-27910","post","type-post","status-publish","format-standard","hentry","category-internacional"],"_links":{"self":[{"href":"https:\/\/viajamagazine.com\/index.php?rest_route=\/wp\/v2\/posts\/27910","targetHints":{"allow":["GET"]}}],"collection":[{"href":"https:\/\/viajamagazine.com\/index.php?rest_route=\/wp\/v2\/posts"}],"about":[{"href":"https:\/\/viajamagazine.com\/index.php?rest_route=\/wp\/v2\/types\/post"}],"author":[{"embeddable":true,"href":"https:\/\/viajamagazine.com\/index.php?rest_route=\/wp\/v2\/users\/1"}],"replies":[{"embeddable":true,"href":"https:\/\/viajamagazine.com\/index.php?rest_route=%2Fwp%2Fv2%2Fcomments&post=27910"}],"version-history":[{"count":1,"href":"https:\/\/viajamagazine.com\/index.php?rest_route=\/wp\/v2\/posts\/27910\/revisions"}],"predecessor-version":[{"id":27911,"href":"https:\/\/viajamagazine.com\/index.php?rest_route=\/wp\/v2\/posts\/27910\/revisions\/27911"}],"wp:attachment":[{"href":"https:\/\/viajamagazine.com\/index.php?rest_route=%2Fwp%2Fv2%2Fmedia&parent=27910"}],"wp:term":[{"taxonomy":"category","embeddable":true,"href":"https:\/\/viajamagazine.com\/index.php?rest_route=%2Fwp%2Fv2%2Fcategories&post=27910"},{"taxonomy":"post_tag","embeddable":true,"href":"https:\/\/viajamagazine.com\/index.php?rest_route=%2Fwp%2Fv2%2Ftags&post=27910"}],"curies":[{"name":"wp","href":"https:\/\/api.w.org\/{rel}","templated":true}]}}