{"id":27908,"date":"2025-04-16T17:22:38","date_gmt":"2025-04-16T23:22:38","guid":{"rendered":"https:\/\/viajamagazine.com\/?p=27908"},"modified":"2025-04-16T23:22:39","modified_gmt":"2025-04-16T23:22:39","slug":"entrevista-latinoamerica-tiene-oportunidad-de-avanzar-hacia-desarrollo-en-cooperacion-con-china-afirma-economista-chilena","status":"publish","type":"post","link":"https:\/\/viajamagazine.com\/?p=27908","title":{"rendered":"Entrevista: Latinoam\u00e9rica tiene oportunidad de avanzar hacia desarrollo en cooperaci\u00f3n con China, afirma economista chilena"},"content":{"rendered":"<p>SANTIAGO, 14 abr (Xinhua) &#8212; Los pa\u00edses de Am\u00e9rica Latina tienen la oportunidad de avanzar hacia el desarrollo de la mano de China, al profundizar la relaci\u00f3n comercial, la inversi\u00f3n, la transferencia de tecnolog\u00edas y la financiaci\u00f3n para dar impulso a las econom\u00edas del Sur Global, afirm\u00f3 la economista chilena, Marcela Vera. China tiene una presencia importante en t\u00e9rminos de sus relaciones comerciales, de la inversi\u00f3n que realiza en Am\u00e9rica Latina en distintos tipos de proyectos, cuya implementaci\u00f3n puede dar un soporte a la generaci\u00f3n de un proyecto del Sur Global, dijo a Xinhua la directora de Asuntos Asi\u00e1ticos de la Universidad de Santiago de Chile (Usach). Chile acogi\u00f3 hace unos d\u00edas el III Foro Acad\u00e9mico de Alto Nivel CELAC (Comunidad de Estados Latinoamericanos y Caribe\u00f1os)-China, un espacio para profundizar el di\u00e1logo entre Am\u00e9rica Latina, el Caribe y China, as\u00ed como para proyectar una alianza con visi\u00f3n de largo plazo, que coincidi\u00f3 con el d\u00e9cimo aniversario del funcionamiento oficial del Foro China-CELAC. El objetivo principal del encuentro fue plantear propuestas concretas que sirvan de insumo para la IV Reuni\u00f3n Ministerial del Foro CELAC-China en Beijing, para lo que convoc\u00f3 en Santiago a representantes de gobiernos, academia y organismos internacionales. \u00abAm\u00e9rica Latina tiene la oportunidad en este tiempo de generar un proceso de transformaci\u00f3n en t\u00e9rminos de su estructura econ\u00f3mica y que esto pueda ser sostenido por la relaci\u00f3n comercial que adquiere con China, pero tambi\u00e9n por las condiciones que hoy d\u00eda existen en Am\u00e9rica Latina\u00bb, sostuvo la acad\u00e9mica. Para Vera, uno de los principales desaf\u00edos del desarrollo econ\u00f3mico, pol\u00edtico y social de la regi\u00f3n latinoamericana \u00abes poder salir de esta l\u00f3gica de subordinaci\u00f3n, en particular con Estados Unidos, y, por otro lado, generar buenas alianzas que permitan construir relaciones comerciales, de inversi\u00f3n, de construcci\u00f3n de infraestructura y de transferencia tecnol\u00f3gica con China, de manera de encauzar su camino hacia la independencia econ\u00f3mica y pol\u00edtica como continente\u00bb. Seg\u00fan la doctora en ciencias sociales, es importante que la CELAC \u00abreflexione sobre elementos que no guardan solo relaci\u00f3n con cuestiones exclusivamente comerciales o econ\u00f3micas, sino c\u00f3mo esto se integra con los procesos de transformaci\u00f3n social\u00bb. La experta mencion\u00f3 en esa l\u00ednea los problemas ambientales y sociales que persisten en Am\u00e9rica Latina, los cuales se han agudizado en un contexto de crisis clim\u00e1tica e incertidumbre pol\u00edtica y econ\u00f3mica a nivel global, lo que hace \u00abdif\u00edcil poder generar un horizonte de relaciones comerciales y pol\u00edticas en el mediano y largo plazo\u00bb. En sus palabras, China ha hecho eco de las necesidades de Am\u00e9rica Latina para colaborar en los procesos de descontaminaci\u00f3n y resguardo al medio ambiente, lo que beneficia de manera directa el desarrollo industrial, pero tambi\u00e9n a los pueblos de la regi\u00f3n. Destac\u00f3 la construcci\u00f3n de propiedad social en este camino hacia la transformaci\u00f3n estructural latinoamericana, \u00abes decir, que los proyectos que se desarrollen al calor de esta institucionalidad p\u00fablica sean tambi\u00e9n de una propiedad p\u00fablica, que las rentas puedan distribuirse en el conjunto de la poblaci\u00f3n\u00bb. A juicio de la entrevistada, China est\u00e1 en posici\u00f3n de habilitar y acompa\u00f1ar esta discusi\u00f3n en Am\u00e9rica Latina para resolver sus problemas estructurales. Fin<\/p>\n","protected":false},"excerpt":{"rendered":"<p>SANTIAGO, 14 abr (Xinhua) &#8212; Los pa\u00edses de Am\u00e9rica Latina tienen la oportunidad de avanzar&#8230;<\/p>\n","protected":false},"author":1,"featured_media":0,"comment_status":"open","ping_status":"closed","sticky":false,"template":"","format":"standard","meta":{"footnotes":""},"categories":[2],"tags":[],"class_list":["post-27908","post","type-post","status-publish","format-standard","hentry","category-internacional"],"_links":{"self":[{"href":"https:\/\/viajamagazine.com\/index.php?rest_route=\/wp\/v2\/posts\/27908","targetHints":{"allow":["GET"]}}],"collection":[{"href":"https:\/\/viajamagazine.com\/index.php?rest_route=\/wp\/v2\/posts"}],"about":[{"href":"https:\/\/viajamagazine.com\/index.php?rest_route=\/wp\/v2\/types\/post"}],"author":[{"embeddable":true,"href":"https:\/\/viajamagazine.com\/index.php?rest_route=\/wp\/v2\/users\/1"}],"replies":[{"embeddable":true,"href":"https:\/\/viajamagazine.com\/index.php?rest_route=%2Fwp%2Fv2%2Fcomments&post=27908"}],"version-history":[{"count":1,"href":"https:\/\/viajamagazine.com\/index.php?rest_route=\/wp\/v2\/posts\/27908\/revisions"}],"predecessor-version":[{"id":27909,"href":"https:\/\/viajamagazine.com\/index.php?rest_route=\/wp\/v2\/posts\/27908\/revisions\/27909"}],"wp:attachment":[{"href":"https:\/\/viajamagazine.com\/index.php?rest_route=%2Fwp%2Fv2%2Fmedia&parent=27908"}],"wp:term":[{"taxonomy":"category","embeddable":true,"href":"https:\/\/viajamagazine.com\/index.php?rest_route=%2Fwp%2Fv2%2Fcategories&post=27908"},{"taxonomy":"post_tag","embeddable":true,"href":"https:\/\/viajamagazine.com\/index.php?rest_route=%2Fwp%2Fv2%2Ftags&post=27908"}],"curies":[{"name":"wp","href":"https:\/\/api.w.org\/{rel}","templated":true}]}}