{"id":27904,"date":"2025-04-16T17:21:59","date_gmt":"2025-04-16T23:21:59","guid":{"rendered":"https:\/\/viajamagazine.com\/?p=27904"},"modified":"2025-04-16T23:22:00","modified_gmt":"2025-04-16T23:22:00","slug":"roma-sera-sede-de-nueva-ronda-de-conversaciones-nucleares-eeuu-iran-dice-canciller-italiano","status":"publish","type":"post","link":"https:\/\/viajamagazine.com\/?p=27904","title":{"rendered":"Roma ser\u00e1 sede de nueva ronda de conversaciones nucleares EEUU-Ir\u00e1n, dice canciller italiano"},"content":{"rendered":"<p>ROMA, 14 abr (Xinhua) &#8212; Una nueva ronda de conversaciones entre Estados Unidos e Ir\u00e1n sobre el programa nuclear de Teher\u00e1n se llevar\u00e1 a cabo en Roma, inform\u00f3 hoy lunes el ministro italiano de Relaciones Exteriores, Antonio Tajani. El ministro se\u00f1al\u00f3 que Italia acept\u00f3 albergar la reuni\u00f3n luego de las solicitudes de las partes negociadoras y de Om\u00e1n, que funge como mediador. Tajani hizo estas declaraciones al visitar el pabell\u00f3n italiano en la Expo 2025 de Osaka, inform\u00f3 la agencia de noticias Ansa. El Gobierno italiano est\u00e1 \u00abdispuesto a hacer todo lo necesario para apoyar las negociaciones que puedan conducir a resolver la cuesti\u00f3n nuclear y construir la paz\u00bb, a\u00f1adi\u00f3. Una primera ronda de conversaciones indirectas entre funcionarios estadounidenses e iran\u00edes se llev\u00f3 a cabo el 12 de abril en Om\u00e1n. Fueron las primeras conversaciones de este tipo desde que Estados Unidos se retir\u00f3 en 2018 del Plan de Acci\u00f3n Integral Conjunto (PAIC), firmado en 2015. Fin<\/p>\n","protected":false},"excerpt":{"rendered":"<p>ROMA, 14 abr (Xinhua) &#8212; Una nueva ronda de conversaciones entre Estados Unidos e Ir\u00e1n&#8230;<\/p>\n","protected":false},"author":1,"featured_media":0,"comment_status":"open","ping_status":"closed","sticky":false,"template":"","format":"standard","meta":{"footnotes":""},"categories":[2],"tags":[],"class_list":["post-27904","post","type-post","status-publish","format-standard","hentry","category-internacional"],"_links":{"self":[{"href":"https:\/\/viajamagazine.com\/index.php?rest_route=\/wp\/v2\/posts\/27904","targetHints":{"allow":["GET"]}}],"collection":[{"href":"https:\/\/viajamagazine.com\/index.php?rest_route=\/wp\/v2\/posts"}],"about":[{"href":"https:\/\/viajamagazine.com\/index.php?rest_route=\/wp\/v2\/types\/post"}],"author":[{"embeddable":true,"href":"https:\/\/viajamagazine.com\/index.php?rest_route=\/wp\/v2\/users\/1"}],"replies":[{"embeddable":true,"href":"https:\/\/viajamagazine.com\/index.php?rest_route=%2Fwp%2Fv2%2Fcomments&post=27904"}],"version-history":[{"count":1,"href":"https:\/\/viajamagazine.com\/index.php?rest_route=\/wp\/v2\/posts\/27904\/revisions"}],"predecessor-version":[{"id":27905,"href":"https:\/\/viajamagazine.com\/index.php?rest_route=\/wp\/v2\/posts\/27904\/revisions\/27905"}],"wp:attachment":[{"href":"https:\/\/viajamagazine.com\/index.php?rest_route=%2Fwp%2Fv2%2Fmedia&parent=27904"}],"wp:term":[{"taxonomy":"category","embeddable":true,"href":"https:\/\/viajamagazine.com\/index.php?rest_route=%2Fwp%2Fv2%2Fcategories&post=27904"},{"taxonomy":"post_tag","embeddable":true,"href":"https:\/\/viajamagazine.com\/index.php?rest_route=%2Fwp%2Fv2%2Ftags&post=27904"}],"curies":[{"name":"wp","href":"https:\/\/api.w.org\/{rel}","templated":true}]}}