{"id":27898,"date":"2025-04-16T17:20:00","date_gmt":"2025-04-16T23:20:00","guid":{"rendered":"https:\/\/viajamagazine.com\/?p=27898"},"modified":"2025-04-16T23:20:01","modified_gmt":"2025-04-16T23:20:01","slug":"presidentes-palestino-y-frances-discuten-escalada-de-crisis-en-gaza-y-piden-alto-al-fuego","status":"publish","type":"post","link":"https:\/\/viajamagazine.com\/?p=27898","title":{"rendered":"Presidentes palestino y franc\u00e9s discuten escalada de crisis en Gaza y piden alto al fuego"},"content":{"rendered":"<div class=\"el-scrollbar__wrap\">\n<div class=\"el-scrollbar__view\">\n<div class=\"news-content\" data-v-1eda797c=\"\">RAMALA, 14 abr (Xinhua) &#8212; Los presidentes de Palestina, Mahmoud Abbas, y de Francia, Emmanuel Macron, sostuvieron una llamada telef\u00f3nica hoy lunes para abordar la escalada de la situaci\u00f3n en la Franja de Gaza, inform\u00f3 la presidencia palestina en un comunicado. De acuerdo con la agencia de noticias WAFA, Abbas subray\u00f3 la urgente necesidad de un alto al fuego inmediato, un acceso irrestricto a la ayuda humanitaria y una postura firme contra cualquier desplazamiento forzado de los palestinos de su territorio. Israel ha bloqueado la entrada de toda ayuda humanitaria a Gaza desde el 2 de marzo. El 18 de marzo, puso fin a un alto al fuego de dos meses con Hamas y reanud\u00f3 intensos ataques a\u00e9reos y terrestres contra el enclave. Las autoridades de salud de Gaza informaron hoy que los renovados ataques israel\u00edes han matado a 1.613 palestinos y herido a otros 4.233. Desde que comenz\u00f3 el conflicto en octubre de 2023, la cifra total de muertos en Gaza asciende a 50.983 y la de heridos a 116.274. Solo en las \u00faltimas 24 horas, los ataques a\u00e9reos israel\u00edes causaron la muerte de al menos 38 personas y heridas a otras 118, a\u00f1adieron las autoridades. Durante su conversaci\u00f3n, Abbas y Macron tambi\u00e9n enfatizaron la importancia de permitir que la Autoridad Palestina reanude las responsabilidades de gobernanza y seguridad en Gaza mientras impulsan los esfuerzos de reconstrucci\u00f3n de conformidad con la Iniciativa de Paz \u00c1rabe, de acuerdo con WAFA. Abbas elogi\u00f3 la oposici\u00f3n de Francia al desplazamiento forzado y su apoyo a una soluci\u00f3n de dos Estados basada en el derecho internacional y las resoluciones de las Naciones Unidas. Reiter\u00f3 su rechazo a cualquier plan para desplazar a los palestinos de Gaza o Cisjordania, calificando dichas acciones de claras violaciones de las normas internacionales. En una entrevista con el canal de televisi\u00f3n France 5 el mi\u00e9rcoles, Macron dijo que Francia podr\u00eda reconocer formalmente al Estado de Palestina en junio. Fin<\/div>\n<\/div>\n<\/div>\n<div class=\"el-scrollbar__bar is-horizontal\"><\/div>\n","protected":false},"excerpt":{"rendered":"<p>RAMALA, 14 abr (Xinhua) &#8212; Los presidentes de Palestina, Mahmoud Abbas, y de Francia, Emmanuel&#8230;<\/p>\n","protected":false},"author":1,"featured_media":0,"comment_status":"open","ping_status":"closed","sticky":false,"template":"","format":"standard","meta":{"footnotes":""},"categories":[2],"tags":[],"class_list":["post-27898","post","type-post","status-publish","format-standard","hentry","category-internacional"],"_links":{"self":[{"href":"https:\/\/viajamagazine.com\/index.php?rest_route=\/wp\/v2\/posts\/27898","targetHints":{"allow":["GET"]}}],"collection":[{"href":"https:\/\/viajamagazine.com\/index.php?rest_route=\/wp\/v2\/posts"}],"about":[{"href":"https:\/\/viajamagazine.com\/index.php?rest_route=\/wp\/v2\/types\/post"}],"author":[{"embeddable":true,"href":"https:\/\/viajamagazine.com\/index.php?rest_route=\/wp\/v2\/users\/1"}],"replies":[{"embeddable":true,"href":"https:\/\/viajamagazine.com\/index.php?rest_route=%2Fwp%2Fv2%2Fcomments&post=27898"}],"version-history":[{"count":1,"href":"https:\/\/viajamagazine.com\/index.php?rest_route=\/wp\/v2\/posts\/27898\/revisions"}],"predecessor-version":[{"id":27899,"href":"https:\/\/viajamagazine.com\/index.php?rest_route=\/wp\/v2\/posts\/27898\/revisions\/27899"}],"wp:attachment":[{"href":"https:\/\/viajamagazine.com\/index.php?rest_route=%2Fwp%2Fv2%2Fmedia&parent=27898"}],"wp:term":[{"taxonomy":"category","embeddable":true,"href":"https:\/\/viajamagazine.com\/index.php?rest_route=%2Fwp%2Fv2%2Fcategories&post=27898"},{"taxonomy":"post_tag","embeddable":true,"href":"https:\/\/viajamagazine.com\/index.php?rest_route=%2Fwp%2Fv2%2Ftags&post=27898"}],"curies":[{"name":"wp","href":"https:\/\/api.w.org\/{rel}","templated":true}]}}