{"id":27896,"date":"2025-04-16T17:19:44","date_gmt":"2025-04-16T23:19:44","guid":{"rendered":"https:\/\/viajamagazine.com\/?p=27896"},"modified":"2025-04-16T23:19:45","modified_gmt":"2025-04-16T23:19:45","slug":"urgente-xi-insta-a-china-y-vietnam-a-marchar-juntos-hacia-modernizacion","status":"publish","type":"post","link":"https:\/\/viajamagazine.com\/?p=27896","title":{"rendered":"Urgente: Xi insta a China y Vietnam a marchar juntos hacia modernizaci\u00f3n"},"content":{"rendered":"<div class=\"detail-body-left\" data-v-1eda797c=\"\">\n<div class=\"el-scrollbar\" data-v-1eda797c=\"\">\n<div class=\"el-scrollbar__wrap\">\n<div class=\"el-scrollbar__view\">\n<div class=\"news-content\" data-v-1eda797c=\"\">HANOI, 14 abr (Xinhua) &#8212; El presidente chino, Xi Jinping, inst\u00f3 hoy lunes a China y Vietnam a marchar de la mano hacia la modernizaci\u00f3n. En su reuni\u00f3n con el presidente de la Asamblea Nacional de Vietnam, Tran Thanh Man, Xi tambi\u00e9n inst\u00f3 a las dos partes a inyectar m\u00e1s estabilidad y energ\u00eda positiva en el mundo. Fin<\/div>\n<\/div>\n<\/div>\n<div class=\"el-scrollbar__bar is-horizontal\">\n<div class=\"el-scrollbar__thumb\"><\/div>\n<\/div>\n<div class=\"el-scrollbar__bar is-vertical\">\n<div class=\"el-scrollbar__thumb\"><\/div>\n<\/div>\n<\/div>\n<\/div>\n<div class=\"detail-body-right\" data-v-1eda797c=\"\">\n<div class=\"detail-body-right-top\" data-v-1eda797c=\"\">\n<div class=\"row1\" data-v-1eda797c=\"\"><\/div>\n<\/div>\n<\/div>\n","protected":false},"excerpt":{"rendered":"<p>HANOI, 14 abr (Xinhua) &#8212; El presidente chino, Xi Jinping, inst\u00f3 hoy lunes a China&#8230;<\/p>\n","protected":false},"author":1,"featured_media":0,"comment_status":"open","ping_status":"closed","sticky":false,"template":"","format":"standard","meta":{"footnotes":""},"categories":[2],"tags":[],"class_list":["post-27896","post","type-post","status-publish","format-standard","hentry","category-internacional"],"_links":{"self":[{"href":"https:\/\/viajamagazine.com\/index.php?rest_route=\/wp\/v2\/posts\/27896","targetHints":{"allow":["GET"]}}],"collection":[{"href":"https:\/\/viajamagazine.com\/index.php?rest_route=\/wp\/v2\/posts"}],"about":[{"href":"https:\/\/viajamagazine.com\/index.php?rest_route=\/wp\/v2\/types\/post"}],"author":[{"embeddable":true,"href":"https:\/\/viajamagazine.com\/index.php?rest_route=\/wp\/v2\/users\/1"}],"replies":[{"embeddable":true,"href":"https:\/\/viajamagazine.com\/index.php?rest_route=%2Fwp%2Fv2%2Fcomments&post=27896"}],"version-history":[{"count":1,"href":"https:\/\/viajamagazine.com\/index.php?rest_route=\/wp\/v2\/posts\/27896\/revisions"}],"predecessor-version":[{"id":27897,"href":"https:\/\/viajamagazine.com\/index.php?rest_route=\/wp\/v2\/posts\/27896\/revisions\/27897"}],"wp:attachment":[{"href":"https:\/\/viajamagazine.com\/index.php?rest_route=%2Fwp%2Fv2%2Fmedia&parent=27896"}],"wp:term":[{"taxonomy":"category","embeddable":true,"href":"https:\/\/viajamagazine.com\/index.php?rest_route=%2Fwp%2Fv2%2Fcategories&post=27896"},{"taxonomy":"post_tag","embeddable":true,"href":"https:\/\/viajamagazine.com\/index.php?rest_route=%2Fwp%2Fv2%2Ftags&post=27896"}],"curies":[{"name":"wp","href":"https:\/\/api.w.org\/{rel}","templated":true}]}}