{"id":27890,"date":"2025-04-16T17:18:47","date_gmt":"2025-04-16T23:18:47","guid":{"rendered":"https:\/\/viajamagazine.com\/?p=27890"},"modified":"2025-04-16T23:18:47","modified_gmt":"2025-04-16T23:18:47","slug":"rusia-dice-que-ataque-en-ciudad-ucraniana-de-sumy-tuvo-como-objetivo-personal-de-mando-militar","status":"publish","type":"post","link":"https:\/\/viajamagazine.com\/?p=27890","title":{"rendered":"Rusia dice que ataque en ciudad ucraniana de Sumy tuvo como objetivo personal de mando militar"},"content":{"rendered":"<p>MOSC\u00da, 14 abr (Xinhua) &#8212; El Ministerio de Defensa de Rusia dijo hoy lunes que un ataque contra la ciudad nororiental ucraniana de Sumy el domingo tuvo como objetivo al personal de mando militar que estaba sosteniendo una reuni\u00f3n, mientras que Kiev indic\u00f3 previamente que hubo v\u00edctimas civiles. El ministerio mencion\u00f3 que las fuerzas rusas lanzaron un ataque con dos misiles bal\u00edsticos Iskander-M contra el lugar de la reuni\u00f3n, donde murieron m\u00e1s de 60 soldados ucranianos. Por su parte, el Servicio Estatal de Emergencias de Ucrania inform\u00f3 que el ataque con misiles dej\u00f3 34 muertos, entre ellos dos ni\u00f1os, y 117 heridos. El gobernador de la regi\u00f3n de Sumy, Volodymyr Artyukh, agreg\u00f3 que la mayor\u00eda de las muertes ocurrieron en un troleb\u00fas que fue alcanzado por el misil. El ataque tambi\u00e9n caus\u00f3 da\u00f1os en la universidad local y en edificios de apartamentos cercanos. Fin<\/p>\n","protected":false},"excerpt":{"rendered":"<p>MOSC\u00da, 14 abr (Xinhua) &#8212; El Ministerio de Defensa de Rusia dijo hoy lunes que&#8230;<\/p>\n","protected":false},"author":1,"featured_media":0,"comment_status":"open","ping_status":"closed","sticky":false,"template":"","format":"standard","meta":{"footnotes":""},"categories":[2],"tags":[],"class_list":["post-27890","post","type-post","status-publish","format-standard","hentry","category-internacional"],"_links":{"self":[{"href":"https:\/\/viajamagazine.com\/index.php?rest_route=\/wp\/v2\/posts\/27890","targetHints":{"allow":["GET"]}}],"collection":[{"href":"https:\/\/viajamagazine.com\/index.php?rest_route=\/wp\/v2\/posts"}],"about":[{"href":"https:\/\/viajamagazine.com\/index.php?rest_route=\/wp\/v2\/types\/post"}],"author":[{"embeddable":true,"href":"https:\/\/viajamagazine.com\/index.php?rest_route=\/wp\/v2\/users\/1"}],"replies":[{"embeddable":true,"href":"https:\/\/viajamagazine.com\/index.php?rest_route=%2Fwp%2Fv2%2Fcomments&post=27890"}],"version-history":[{"count":1,"href":"https:\/\/viajamagazine.com\/index.php?rest_route=\/wp\/v2\/posts\/27890\/revisions"}],"predecessor-version":[{"id":27891,"href":"https:\/\/viajamagazine.com\/index.php?rest_route=\/wp\/v2\/posts\/27890\/revisions\/27891"}],"wp:attachment":[{"href":"https:\/\/viajamagazine.com\/index.php?rest_route=%2Fwp%2Fv2%2Fmedia&parent=27890"}],"wp:term":[{"taxonomy":"category","embeddable":true,"href":"https:\/\/viajamagazine.com\/index.php?rest_route=%2Fwp%2Fv2%2Fcategories&post=27890"},{"taxonomy":"post_tag","embeddable":true,"href":"https:\/\/viajamagazine.com\/index.php?rest_route=%2Fwp%2Fv2%2Ftags&post=27890"}],"curies":[{"name":"wp","href":"https:\/\/api.w.org\/{rel}","templated":true}]}}