{"id":27738,"date":"2025-04-16T16:42:38","date_gmt":"2025-04-16T22:42:38","guid":{"rendered":"https:\/\/viajamagazine.com\/?p=27738"},"modified":"2025-04-16T22:42:39","modified_gmt":"2025-04-16T22:42:39","slug":"mexico-merida-china-tech4nature-lanzamiento","status":"publish","type":"post","link":"https:\/\/viajamagazine.com\/?p=27738","title":{"rendered":"MEXICO-MERIDA-CHINA-TECH4NATURE-LANZAMIENTO"},"content":{"rendered":"<div class=\"el-scrollbar__wrap\">\n<div class=\"el-scrollbar__view\">\n<div class=\"news-content\" data-v-1eda797c=\"\">(250412) &#8212; MERIDA, 12 abril, 2025 (Xinhua) &#8212; Imagen del 9 de abril de 2025 del gobernador de Yucat\u00e1n, Joaqu\u00edn D\u00edaz Mena, pronunciando un discurso en el Tech4Nature Summit 2025, en M\u00e9rida, en el estado de Yucat\u00e1n, M\u00e9xico. El Gobierno del estado mexicano de Yucat\u00e1n, junto con la empresa china de telecomunicaciones Huawei, la Uni\u00f3n Internacional para la Conservaci\u00f3n de la Naturaleza y socios locales, lanzaron la fase dos del proyecto de cooperaci\u00f3n tecnol\u00f3gica de inteligencia artificial para preservar la naturaleza \u00abTech4Nature M\u00e9xico\u00bb. (Xinhua\/Li Mengxin) (jg) (da)<\/div>\n<\/div>\n<\/div>\n<div class=\"el-scrollbar__bar is-horizontal\"><\/div>\n","protected":false},"excerpt":{"rendered":"<p>(250412) &#8212; MERIDA, 12 abril, 2025 (Xinhua) &#8212; Imagen del 9 de abril de 2025&#8230;<\/p>\n","protected":false},"author":1,"featured_media":27740,"comment_status":"open","ping_status":"closed","sticky":false,"template":"","format":"standard","meta":{"footnotes":""},"categories":[2],"tags":[],"class_list":["post-27738","post","type-post","status-publish","format-standard","has-post-thumbnail","hentry","category-internacional"],"_links":{"self":[{"href":"https:\/\/viajamagazine.com\/index.php?rest_route=\/wp\/v2\/posts\/27738","targetHints":{"allow":["GET"]}}],"collection":[{"href":"https:\/\/viajamagazine.com\/index.php?rest_route=\/wp\/v2\/posts"}],"about":[{"href":"https:\/\/viajamagazine.com\/index.php?rest_route=\/wp\/v2\/types\/post"}],"author":[{"embeddable":true,"href":"https:\/\/viajamagazine.com\/index.php?rest_route=\/wp\/v2\/users\/1"}],"replies":[{"embeddable":true,"href":"https:\/\/viajamagazine.com\/index.php?rest_route=%2Fwp%2Fv2%2Fcomments&post=27738"}],"version-history":[{"count":1,"href":"https:\/\/viajamagazine.com\/index.php?rest_route=\/wp\/v2\/posts\/27738\/revisions"}],"predecessor-version":[{"id":27739,"href":"https:\/\/viajamagazine.com\/index.php?rest_route=\/wp\/v2\/posts\/27738\/revisions\/27739"}],"wp:featuredmedia":[{"embeddable":true,"href":"https:\/\/viajamagazine.com\/index.php?rest_route=\/wp\/v2\/media\/27740"}],"wp:attachment":[{"href":"https:\/\/viajamagazine.com\/index.php?rest_route=%2Fwp%2Fv2%2Fmedia&parent=27738"}],"wp:term":[{"taxonomy":"category","embeddable":true,"href":"https:\/\/viajamagazine.com\/index.php?rest_route=%2Fwp%2Fv2%2Fcategories&post=27738"},{"taxonomy":"post_tag","embeddable":true,"href":"https:\/\/viajamagazine.com\/index.php?rest_route=%2Fwp%2Fv2%2Ftags&post=27738"}],"curies":[{"name":"wp","href":"https:\/\/api.w.org\/{rel}","templated":true}]}}