{"id":27708,"date":"2025-04-16T16:30:25","date_gmt":"2025-04-16T22:30:25","guid":{"rendered":"https:\/\/viajamagazine.com\/?p=27708"},"modified":"2025-04-16T22:30:26","modified_gmt":"2025-04-16T22:30:26","slug":"mexico-ciudad-de-mexico-salud-cancer-diagnostico-2","status":"publish","type":"post","link":"https:\/\/viajamagazine.com\/?p=27708","title":{"rendered":"MEXICO-CIUDAD DE MEXICO-SALUD-CANCER-DIAGNOSTICO"},"content":{"rendered":"<div class=\"el-scrollbar__wrap\">\n<div class=\"el-scrollbar__view\">\n<div class=\"news-content\" data-v-1eda797c=\"\">(250412) &#8212; CIUDAD DE MEXICO, 12 abril, 2025 (Xinhua) &#8212; Imagen del 8 de abril de 2025 del investigador mexicano, Juan Alfonso Beltr\u00e1n Fern\u00e1ndez, mostrando modelos impresos en tercera dimensi\u00f3n (3D) durante el proceso de lavado y curado, en la Ciudad de M\u00e9xico, capital de M\u00e9xico. Una innovadora t\u00e9cnica creada por Beltr\u00e1n Fern\u00e1ndez, del Instituto Polit\u00e9cnico Nacional (IPN), permite generar modelos en 3D para materializar de manera exacta las estructuras internas de las mamas, lo que podr\u00eda ser clave para el diagn\u00f3stico temprano de c\u00e1ncer en esta parte del cuerpo. (Xinhua\/Francisco Ca\u00f1edo) (fc) (jg) (da)<\/div>\n<\/div>\n<\/div>\n<div class=\"el-scrollbar__bar is-horizontal\"><\/div>\n","protected":false},"excerpt":{"rendered":"<p>(250412) &#8212; CIUDAD DE MEXICO, 12 abril, 2025 (Xinhua) &#8212; Imagen del 8 de abril&#8230;<\/p>\n","protected":false},"author":1,"featured_media":27710,"comment_status":"open","ping_status":"closed","sticky":false,"template":"","format":"standard","meta":{"footnotes":""},"categories":[2],"tags":[],"class_list":["post-27708","post","type-post","status-publish","format-standard","has-post-thumbnail","hentry","category-internacional"],"_links":{"self":[{"href":"https:\/\/viajamagazine.com\/index.php?rest_route=\/wp\/v2\/posts\/27708","targetHints":{"allow":["GET"]}}],"collection":[{"href":"https:\/\/viajamagazine.com\/index.php?rest_route=\/wp\/v2\/posts"}],"about":[{"href":"https:\/\/viajamagazine.com\/index.php?rest_route=\/wp\/v2\/types\/post"}],"author":[{"embeddable":true,"href":"https:\/\/viajamagazine.com\/index.php?rest_route=\/wp\/v2\/users\/1"}],"replies":[{"embeddable":true,"href":"https:\/\/viajamagazine.com\/index.php?rest_route=%2Fwp%2Fv2%2Fcomments&post=27708"}],"version-history":[{"count":1,"href":"https:\/\/viajamagazine.com\/index.php?rest_route=\/wp\/v2\/posts\/27708\/revisions"}],"predecessor-version":[{"id":27709,"href":"https:\/\/viajamagazine.com\/index.php?rest_route=\/wp\/v2\/posts\/27708\/revisions\/27709"}],"wp:featuredmedia":[{"embeddable":true,"href":"https:\/\/viajamagazine.com\/index.php?rest_route=\/wp\/v2\/media\/27710"}],"wp:attachment":[{"href":"https:\/\/viajamagazine.com\/index.php?rest_route=%2Fwp%2Fv2%2Fmedia&parent=27708"}],"wp:term":[{"taxonomy":"category","embeddable":true,"href":"https:\/\/viajamagazine.com\/index.php?rest_route=%2Fwp%2Fv2%2Fcategories&post=27708"},{"taxonomy":"post_tag","embeddable":true,"href":"https:\/\/viajamagazine.com\/index.php?rest_route=%2Fwp%2Fv2%2Ftags&post=27708"}],"curies":[{"name":"wp","href":"https:\/\/api.w.org\/{rel}","templated":true}]}}