{"id":27705,"date":"2025-04-16T16:29:44","date_gmt":"2025-04-16T22:29:44","guid":{"rendered":"https:\/\/viajamagazine.com\/?p=27705"},"modified":"2025-04-16T22:29:45","modified_gmt":"2025-04-16T22:29:45","slug":"chile-santiago-gabriela-mistral-nobel-aniversario-2","status":"publish","type":"post","link":"https:\/\/viajamagazine.com\/?p=27705","title":{"rendered":"CHILE-SANTIAGO-GABRIELA MISTRAL-NOBEL-ANIVERSARIO"},"content":{"rendered":"<div class=\"el-scrollbar__wrap\">\n<div class=\"el-scrollbar__view\">\n<div class=\"news-content\" data-v-1eda797c=\"\">(250412) &#8212; SANTIAGO, 12 abril, 2025 (Xinhua) &#8212; Personas observan una presentaci\u00f3n durante la \u00abRuta de Gabriela\u00bb en el marco de la celebraci\u00f3n de los 80 a\u00f1os del Premio Nobel de la poeta Gabriela Mistral, en la Casa Central de la Universidad de Chile, en Santiago, capital de Chile, el 12 de abril de 2025. Chile arranc\u00f3 esta semana las celebraciones por el Premio Nobel de Literatura que obtuvo la poeta Gabriela Mistral hace 80 a\u00f1os, la primera persona chilena y latinoamericana y la quinta mujer en el mundo en recibir este reconocimiento, con actividades que se extender\u00e1n todo el a\u00f1o en el vasto territorio de la naci\u00f3n austral. (Xinhua\/Jorge Villegas) (jv) (oa) (da)<\/div>\n<\/div>\n<\/div>\n<div class=\"el-scrollbar__bar is-horizontal\"><\/div>\n","protected":false},"excerpt":{"rendered":"<p>(250412) &#8212; SANTIAGO, 12 abril, 2025 (Xinhua) &#8212; Personas observan una presentaci\u00f3n durante la \u00abRuta&#8230;<\/p>\n","protected":false},"author":1,"featured_media":27707,"comment_status":"open","ping_status":"closed","sticky":false,"template":"","format":"standard","meta":{"footnotes":""},"categories":[2],"tags":[],"class_list":["post-27705","post","type-post","status-publish","format-standard","has-post-thumbnail","hentry","category-internacional"],"_links":{"self":[{"href":"https:\/\/viajamagazine.com\/index.php?rest_route=\/wp\/v2\/posts\/27705","targetHints":{"allow":["GET"]}}],"collection":[{"href":"https:\/\/viajamagazine.com\/index.php?rest_route=\/wp\/v2\/posts"}],"about":[{"href":"https:\/\/viajamagazine.com\/index.php?rest_route=\/wp\/v2\/types\/post"}],"author":[{"embeddable":true,"href":"https:\/\/viajamagazine.com\/index.php?rest_route=\/wp\/v2\/users\/1"}],"replies":[{"embeddable":true,"href":"https:\/\/viajamagazine.com\/index.php?rest_route=%2Fwp%2Fv2%2Fcomments&post=27705"}],"version-history":[{"count":1,"href":"https:\/\/viajamagazine.com\/index.php?rest_route=\/wp\/v2\/posts\/27705\/revisions"}],"predecessor-version":[{"id":27706,"href":"https:\/\/viajamagazine.com\/index.php?rest_route=\/wp\/v2\/posts\/27705\/revisions\/27706"}],"wp:featuredmedia":[{"embeddable":true,"href":"https:\/\/viajamagazine.com\/index.php?rest_route=\/wp\/v2\/media\/27707"}],"wp:attachment":[{"href":"https:\/\/viajamagazine.com\/index.php?rest_route=%2Fwp%2Fv2%2Fmedia&parent=27705"}],"wp:term":[{"taxonomy":"category","embeddable":true,"href":"https:\/\/viajamagazine.com\/index.php?rest_route=%2Fwp%2Fv2%2Fcategories&post=27705"},{"taxonomy":"post_tag","embeddable":true,"href":"https:\/\/viajamagazine.com\/index.php?rest_route=%2Fwp%2Fv2%2Ftags&post=27705"}],"curies":[{"name":"wp","href":"https:\/\/api.w.org\/{rel}","templated":true}]}}