{"id":27681,"date":"2025-04-16T16:25:51","date_gmt":"2025-04-16T22:25:51","guid":{"rendered":"https:\/\/viajamagazine.com\/?p=27681"},"modified":"2025-04-16T22:25:52","modified_gmt":"2025-04-16T22:25:52","slug":"gabon-libreville-eleccion-presidencial-2","status":"publish","type":"post","link":"https:\/\/viajamagazine.com\/?p=27681","title":{"rendered":"GABON-LIBREVILLE-ELECCION PRESIDENCIAL"},"content":{"rendered":"<div class=\"el-scrollbar__wrap\">\n<div class=\"el-scrollbar__view\">\n<div class=\"news-content\" data-v-1eda797c=\"\">(250412) &#8212; LIBREVILLE, 12 abril, 2025 (Xinhua) &#8212; Imagen del 10 de abril de 2025 de personas asistiendo a una campa\u00f1a del presidente de transici\u00f3n, Brice Clotaire Oligui Nguema, en Libreville, Gab\u00f3n. Gab\u00f3n lleva a cabo el s\u00e1bado sus primeras elecciones presidenciales desde un golpe de Estado de hace dos a\u00f1os, marcando la fase final de la transici\u00f3n pol\u00edtica del pa\u00eds y el esperado retorno al orden constitucional. (Xinhua\/Wang Guansen) (jg) (da)<\/div>\n<\/div>\n<\/div>\n<div class=\"el-scrollbar__bar is-horizontal\"><\/div>\n","protected":false},"excerpt":{"rendered":"<p>(250412) &#8212; LIBREVILLE, 12 abril, 2025 (Xinhua) &#8212; Imagen del 10 de abril de 2025&#8230;<\/p>\n","protected":false},"author":1,"featured_media":27683,"comment_status":"open","ping_status":"closed","sticky":false,"template":"","format":"standard","meta":{"footnotes":""},"categories":[2],"tags":[],"class_list":["post-27681","post","type-post","status-publish","format-standard","has-post-thumbnail","hentry","category-internacional"],"_links":{"self":[{"href":"https:\/\/viajamagazine.com\/index.php?rest_route=\/wp\/v2\/posts\/27681","targetHints":{"allow":["GET"]}}],"collection":[{"href":"https:\/\/viajamagazine.com\/index.php?rest_route=\/wp\/v2\/posts"}],"about":[{"href":"https:\/\/viajamagazine.com\/index.php?rest_route=\/wp\/v2\/types\/post"}],"author":[{"embeddable":true,"href":"https:\/\/viajamagazine.com\/index.php?rest_route=\/wp\/v2\/users\/1"}],"replies":[{"embeddable":true,"href":"https:\/\/viajamagazine.com\/index.php?rest_route=%2Fwp%2Fv2%2Fcomments&post=27681"}],"version-history":[{"count":1,"href":"https:\/\/viajamagazine.com\/index.php?rest_route=\/wp\/v2\/posts\/27681\/revisions"}],"predecessor-version":[{"id":27682,"href":"https:\/\/viajamagazine.com\/index.php?rest_route=\/wp\/v2\/posts\/27681\/revisions\/27682"}],"wp:featuredmedia":[{"embeddable":true,"href":"https:\/\/viajamagazine.com\/index.php?rest_route=\/wp\/v2\/media\/27683"}],"wp:attachment":[{"href":"https:\/\/viajamagazine.com\/index.php?rest_route=%2Fwp%2Fv2%2Fmedia&parent=27681"}],"wp:term":[{"taxonomy":"category","embeddable":true,"href":"https:\/\/viajamagazine.com\/index.php?rest_route=%2Fwp%2Fv2%2Fcategories&post=27681"},{"taxonomy":"post_tag","embeddable":true,"href":"https:\/\/viajamagazine.com\/index.php?rest_route=%2Fwp%2Fv2%2Ftags&post=27681"}],"curies":[{"name":"wp","href":"https:\/\/api.w.org\/{rel}","templated":true}]}}