{"id":27021,"date":"2025-04-10T13:05:54","date_gmt":"2025-04-10T19:05:54","guid":{"rendered":"https:\/\/viajamagazine.com\/?p=27021"},"modified":"2025-04-10T19:05:55","modified_gmt":"2025-04-10T19:05:55","slug":"honduras-tegucigalpa-celac-39","status":"publish","type":"post","link":"https:\/\/viajamagazine.com\/?p=27021","title":{"rendered":"HONDURAS-TEGUCIGALPA-CELAC"},"content":{"rendered":"<div class=\"el-scrollbar__wrap\">\n<div class=\"el-scrollbar__view\">\n<div class=\"news-content\" data-v-1eda797c=\"\">(250409) &#8212; TEGUCIGALPA, 9 abril, 2025 (Xinhua) &#8212; Imagen cedida por la Presidencia de Colombia de jefas y jefes de Estado y de Gobierno posando para la fotograf\u00eda oficial de la IX Cumbre de Jefas, Jefes de Estado y de Gobierno de la Comunidad de Estados Latinoamericanos y Caribe\u00f1os (CELAC), en Tegucigalpa, capital de Honduras, el 9 de abril de 2025. La IX Cumbre de Jefas, Jefes de Estado y de Gobierno de la CELAC inici\u00f3 el mi\u00e9rcoles en la capital de Honduras, Tegucigalpa, con la presencia de m\u00e1s de una decena de mandatarios de la regi\u00f3n. (Xinhua\/Joel Gonz\u00e1lez\/Presidencia de Colombia) (ah) (ra) (ce)<\/div>\n<\/div>\n<\/div>\n<div class=\"el-scrollbar__bar is-horizontal\"><\/div>\n","protected":false},"excerpt":{"rendered":"<p>(250409) &#8212; TEGUCIGALPA, 9 abril, 2025 (Xinhua) &#8212; Imagen cedida por la Presidencia de Colombia&#8230;<\/p>\n","protected":false},"author":1,"featured_media":27023,"comment_status":"open","ping_status":"closed","sticky":false,"template":"","format":"standard","meta":{"footnotes":""},"categories":[2],"tags":[],"class_list":["post-27021","post","type-post","status-publish","format-standard","has-post-thumbnail","hentry","category-internacional"],"_links":{"self":[{"href":"https:\/\/viajamagazine.com\/index.php?rest_route=\/wp\/v2\/posts\/27021","targetHints":{"allow":["GET"]}}],"collection":[{"href":"https:\/\/viajamagazine.com\/index.php?rest_route=\/wp\/v2\/posts"}],"about":[{"href":"https:\/\/viajamagazine.com\/index.php?rest_route=\/wp\/v2\/types\/post"}],"author":[{"embeddable":true,"href":"https:\/\/viajamagazine.com\/index.php?rest_route=\/wp\/v2\/users\/1"}],"replies":[{"embeddable":true,"href":"https:\/\/viajamagazine.com\/index.php?rest_route=%2Fwp%2Fv2%2Fcomments&post=27021"}],"version-history":[{"count":1,"href":"https:\/\/viajamagazine.com\/index.php?rest_route=\/wp\/v2\/posts\/27021\/revisions"}],"predecessor-version":[{"id":27022,"href":"https:\/\/viajamagazine.com\/index.php?rest_route=\/wp\/v2\/posts\/27021\/revisions\/27022"}],"wp:featuredmedia":[{"embeddable":true,"href":"https:\/\/viajamagazine.com\/index.php?rest_route=\/wp\/v2\/media\/27023"}],"wp:attachment":[{"href":"https:\/\/viajamagazine.com\/index.php?rest_route=%2Fwp%2Fv2%2Fmedia&parent=27021"}],"wp:term":[{"taxonomy":"category","embeddable":true,"href":"https:\/\/viajamagazine.com\/index.php?rest_route=%2Fwp%2Fv2%2Fcategories&post=27021"},{"taxonomy":"post_tag","embeddable":true,"href":"https:\/\/viajamagazine.com\/index.php?rest_route=%2Fwp%2Fv2%2Ftags&post=27021"}],"curies":[{"name":"wp","href":"https:\/\/api.w.org\/{rel}","templated":true}]}}