{"id":27009,"date":"2025-04-10T13:04:26","date_gmt":"2025-04-10T19:04:26","guid":{"rendered":"https:\/\/viajamagazine.com\/?p=27009"},"modified":"2025-04-10T19:04:27","modified_gmt":"2025-04-10T19:04:27","slug":"chile-valparaiso-inflacion-2","status":"publish","type":"post","link":"https:\/\/viajamagazine.com\/?p=27009","title":{"rendered":"CHILE-VALPARAISO-INFLACION"},"content":{"rendered":"<div class=\"el-scrollbar__wrap\">\n<div class=\"el-scrollbar__view\">\n<div class=\"news-content\" data-v-1eda797c=\"\">(250409) &#8212; VALPARAISO, 9 abril, 2025 (Xinhua) &#8212; Una persona realiza compras en el mercado El Cardonal, en la ciudad de Valpara\u00edso, Chile, el 9 de abril de 2025. La inflaci\u00f3n en Chile acumul\u00f3 un alza de 2 por ciento en lo que va del a\u00f1o, con una variaci\u00f3n de 4,9 por ciento en 12 meses, inform\u00f3 el martes el Instituto Nacional de Estad\u00edsticas (INE). (Xinhua\/Jorge Villegas) (jv) (jg) (da) (vf)<\/div>\n<\/div>\n<\/div>\n<div class=\"el-scrollbar__bar is-horizontal\"><\/div>\n","protected":false},"excerpt":{"rendered":"<p>(250409) &#8212; VALPARAISO, 9 abril, 2025 (Xinhua) &#8212; Una persona realiza compras en el mercado&#8230;<\/p>\n","protected":false},"author":1,"featured_media":27011,"comment_status":"open","ping_status":"closed","sticky":false,"template":"","format":"standard","meta":{"footnotes":""},"categories":[2],"tags":[],"class_list":["post-27009","post","type-post","status-publish","format-standard","has-post-thumbnail","hentry","category-internacional"],"_links":{"self":[{"href":"https:\/\/viajamagazine.com\/index.php?rest_route=\/wp\/v2\/posts\/27009","targetHints":{"allow":["GET"]}}],"collection":[{"href":"https:\/\/viajamagazine.com\/index.php?rest_route=\/wp\/v2\/posts"}],"about":[{"href":"https:\/\/viajamagazine.com\/index.php?rest_route=\/wp\/v2\/types\/post"}],"author":[{"embeddable":true,"href":"https:\/\/viajamagazine.com\/index.php?rest_route=\/wp\/v2\/users\/1"}],"replies":[{"embeddable":true,"href":"https:\/\/viajamagazine.com\/index.php?rest_route=%2Fwp%2Fv2%2Fcomments&post=27009"}],"version-history":[{"count":1,"href":"https:\/\/viajamagazine.com\/index.php?rest_route=\/wp\/v2\/posts\/27009\/revisions"}],"predecessor-version":[{"id":27010,"href":"https:\/\/viajamagazine.com\/index.php?rest_route=\/wp\/v2\/posts\/27009\/revisions\/27010"}],"wp:featuredmedia":[{"embeddable":true,"href":"https:\/\/viajamagazine.com\/index.php?rest_route=\/wp\/v2\/media\/27011"}],"wp:attachment":[{"href":"https:\/\/viajamagazine.com\/index.php?rest_route=%2Fwp%2Fv2%2Fmedia&parent=27009"}],"wp:term":[{"taxonomy":"category","embeddable":true,"href":"https:\/\/viajamagazine.com\/index.php?rest_route=%2Fwp%2Fv2%2Fcategories&post=27009"},{"taxonomy":"post_tag","embeddable":true,"href":"https:\/\/viajamagazine.com\/index.php?rest_route=%2Fwp%2Fv2%2Ftags&post=27009"}],"curies":[{"name":"wp","href":"https:\/\/api.w.org\/{rel}","templated":true}]}}