{"id":26937,"date":"2025-04-10T12:48:45","date_gmt":"2025-04-10T18:48:45","guid":{"rendered":"https:\/\/viajamagazine.com\/?p=26937"},"modified":"2025-04-10T18:48:46","modified_gmt":"2025-04-10T18:48:46","slug":"onu-jefe-de-la-onu-conferencia-de-prensa-gaza","status":"publish","type":"post","link":"https:\/\/viajamagazine.com\/?p=26937","title":{"rendered":"ONU-JEFE DE LA ONU-CONFERENCIA DE PRENSA-GAZA"},"content":{"rendered":"<div class=\"el-scrollbar__wrap\">\n<div class=\"el-scrollbar__view\">\n<div class=\"news-content\" data-v-1eda797c=\"\">(250409) &#8212; NACIONES UNIDAS, 9 abril, 2025 (Xinhua) &#8212; Imagen del 8 de abril de 2025 del secretario general de la ONU, Ant\u00f3nio Guterres, hablando durante una conferencia de prensa en la sede de la ONU, en Nueva York. Guterres inst\u00f3 el martes al acceso inmediato y sin obst\u00e1culos de la ayuda a la Franja de Gaza, ya que el bloqueo de un mes de Israel empeor\u00f3 la crisis humanitaria y profundiz\u00f3 el sufrimiento de los civiles en el enclave. (Xinhua\/Evan Schneider\/UN Photo) (jg) (da) (vf)<\/div>\n<\/div>\n<\/div>\n<div class=\"el-scrollbar__bar is-horizontal\"><\/div>\n","protected":false},"excerpt":{"rendered":"<p>(250409) &#8212; NACIONES UNIDAS, 9 abril, 2025 (Xinhua) &#8212; Imagen del 8 de abril de&#8230;<\/p>\n","protected":false},"author":1,"featured_media":26939,"comment_status":"open","ping_status":"closed","sticky":false,"template":"","format":"standard","meta":{"footnotes":""},"categories":[2],"tags":[],"class_list":["post-26937","post","type-post","status-publish","format-standard","has-post-thumbnail","hentry","category-internacional"],"_links":{"self":[{"href":"https:\/\/viajamagazine.com\/index.php?rest_route=\/wp\/v2\/posts\/26937","targetHints":{"allow":["GET"]}}],"collection":[{"href":"https:\/\/viajamagazine.com\/index.php?rest_route=\/wp\/v2\/posts"}],"about":[{"href":"https:\/\/viajamagazine.com\/index.php?rest_route=\/wp\/v2\/types\/post"}],"author":[{"embeddable":true,"href":"https:\/\/viajamagazine.com\/index.php?rest_route=\/wp\/v2\/users\/1"}],"replies":[{"embeddable":true,"href":"https:\/\/viajamagazine.com\/index.php?rest_route=%2Fwp%2Fv2%2Fcomments&post=26937"}],"version-history":[{"count":1,"href":"https:\/\/viajamagazine.com\/index.php?rest_route=\/wp\/v2\/posts\/26937\/revisions"}],"predecessor-version":[{"id":26938,"href":"https:\/\/viajamagazine.com\/index.php?rest_route=\/wp\/v2\/posts\/26937\/revisions\/26938"}],"wp:featuredmedia":[{"embeddable":true,"href":"https:\/\/viajamagazine.com\/index.php?rest_route=\/wp\/v2\/media\/26939"}],"wp:attachment":[{"href":"https:\/\/viajamagazine.com\/index.php?rest_route=%2Fwp%2Fv2%2Fmedia&parent=26937"}],"wp:term":[{"taxonomy":"category","embeddable":true,"href":"https:\/\/viajamagazine.com\/index.php?rest_route=%2Fwp%2Fv2%2Fcategories&post=26937"},{"taxonomy":"post_tag","embeddable":true,"href":"https:\/\/viajamagazine.com\/index.php?rest_route=%2Fwp%2Fv2%2Ftags&post=26937"}],"curies":[{"name":"wp","href":"https:\/\/api.w.org\/{rel}","templated":true}]}}