{"id":26913,"date":"2025-04-10T12:46:11","date_gmt":"2025-04-10T18:46:11","guid":{"rendered":"https:\/\/viajamagazine.com\/?p=26913"},"modified":"2025-04-10T18:46:11","modified_gmt":"2025-04-10T18:46:11","slug":"honduras-tegucigalpa-celac-25","status":"publish","type":"post","link":"https:\/\/viajamagazine.com\/?p=26913","title":{"rendered":"HONDURAS-TEGUCIGALPA-CELAC"},"content":{"rendered":"<div class=\"el-scrollbar__wrap\">\n<div class=\"el-scrollbar__view\">\n<div class=\"news-content\" data-v-1eda797c=\"\">(250409) &#8212; TEGUCIGALPA, 9 abril, 2025 (Xinhua) &#8212; La presidenta hondure\u00f1a, Xiomara Castro (d), recibe a la presidenta mexicana, Claudia Sheinbaum (i), a su llegada a la IX Cumbre de Jefas, Jefes de Estado y de Gobierno de la Comunidad de Estados Latinoamericanos y Caribe\u00f1os (CELAC), en Tegucigalpa, capital de Honduras, el 9 de abril de 2025. La IX Cumbre de Jefas, Jefes de Estado y de Gobierno de la CELAC inici\u00f3 el mi\u00e9rcoles en la capital de Honduras, Tegucigalpa, con la presencia de m\u00e1s de una decena de mandatarios de la regi\u00f3n. (Xinhua\/David de la Paz) (dp) (ah) (ra) (ce)<\/div>\n<\/div>\n<\/div>\n<div class=\"el-scrollbar__bar is-horizontal\"><\/div>\n","protected":false},"excerpt":{"rendered":"<p>(250409) &#8212; TEGUCIGALPA, 9 abril, 2025 (Xinhua) &#8212; La presidenta hondure\u00f1a, Xiomara Castro (d), recibe&#8230;<\/p>\n","protected":false},"author":1,"featured_media":26915,"comment_status":"open","ping_status":"closed","sticky":false,"template":"","format":"standard","meta":{"footnotes":""},"categories":[2],"tags":[],"class_list":["post-26913","post","type-post","status-publish","format-standard","has-post-thumbnail","hentry","category-internacional"],"_links":{"self":[{"href":"https:\/\/viajamagazine.com\/index.php?rest_route=\/wp\/v2\/posts\/26913","targetHints":{"allow":["GET"]}}],"collection":[{"href":"https:\/\/viajamagazine.com\/index.php?rest_route=\/wp\/v2\/posts"}],"about":[{"href":"https:\/\/viajamagazine.com\/index.php?rest_route=\/wp\/v2\/types\/post"}],"author":[{"embeddable":true,"href":"https:\/\/viajamagazine.com\/index.php?rest_route=\/wp\/v2\/users\/1"}],"replies":[{"embeddable":true,"href":"https:\/\/viajamagazine.com\/index.php?rest_route=%2Fwp%2Fv2%2Fcomments&post=26913"}],"version-history":[{"count":1,"href":"https:\/\/viajamagazine.com\/index.php?rest_route=\/wp\/v2\/posts\/26913\/revisions"}],"predecessor-version":[{"id":26914,"href":"https:\/\/viajamagazine.com\/index.php?rest_route=\/wp\/v2\/posts\/26913\/revisions\/26914"}],"wp:featuredmedia":[{"embeddable":true,"href":"https:\/\/viajamagazine.com\/index.php?rest_route=\/wp\/v2\/media\/26915"}],"wp:attachment":[{"href":"https:\/\/viajamagazine.com\/index.php?rest_route=%2Fwp%2Fv2%2Fmedia&parent=26913"}],"wp:term":[{"taxonomy":"category","embeddable":true,"href":"https:\/\/viajamagazine.com\/index.php?rest_route=%2Fwp%2Fv2%2Fcategories&post=26913"},{"taxonomy":"post_tag","embeddable":true,"href":"https:\/\/viajamagazine.com\/index.php?rest_route=%2Fwp%2Fv2%2Ftags&post=26913"}],"curies":[{"name":"wp","href":"https:\/\/api.w.org\/{rel}","templated":true}]}}