{"id":22523,"date":"2025-04-02T13:27:16","date_gmt":"2025-04-02T19:27:16","guid":{"rendered":"https:\/\/viajamagazine.com\/?p=22523"},"modified":"2025-04-02T19:27:17","modified_gmt":"2025-04-02T19:27:17","slug":"argentina-ciudad-evita-indice-de-pobreza","status":"publish","type":"post","link":"https:\/\/viajamagazine.com\/?p=22523","title":{"rendered":"ARGENTINA-CIUDAD EVITA-INDICE DE POBREZA"},"content":{"rendered":"<div class=\"el-scrollbar__wrap\">\n<div class=\"el-scrollbar__view\">\n<div class=\"news-content\" data-v-1eda797c=\"\">(250401) &#8212; CIUDAD EVITA, 1 abril, 2025 (Xinhua) &#8212; Imagen del 29 de marzo de 2025 de una mujer empujando una carreola con su hijo en una calle, en el Barrio 22 de enero, en la localidad de Ciudad Evita, Argentina. El \u00edndice de pobreza en Argentina descendi\u00f3 a 38,1 por ciento en el segundo semestre de 2024 mostrando una baja de 14,8 puntos porcentuales frente a los primeros seis meses de ese a\u00f1o, inform\u00f3 el lunes el Instituto Nacional de Estad\u00edstica y Censos. (Xinhua\/Mart\u00edn Zabala) (mz) (oa) (ah) (ce)<\/div>\n<\/div>\n<\/div>\n<div class=\"el-scrollbar__bar is-horizontal\"><\/div>\n","protected":false},"excerpt":{"rendered":"<p>(250401) &#8212; CIUDAD EVITA, 1 abril, 2025 (Xinhua) &#8212; Imagen del 29 de marzo de&#8230;<\/p>\n","protected":false},"author":1,"featured_media":22525,"comment_status":"open","ping_status":"closed","sticky":false,"template":"","format":"standard","meta":{"footnotes":""},"categories":[2],"tags":[],"class_list":["post-22523","post","type-post","status-publish","format-standard","has-post-thumbnail","hentry","category-internacional"],"_links":{"self":[{"href":"https:\/\/viajamagazine.com\/index.php?rest_route=\/wp\/v2\/posts\/22523","targetHints":{"allow":["GET"]}}],"collection":[{"href":"https:\/\/viajamagazine.com\/index.php?rest_route=\/wp\/v2\/posts"}],"about":[{"href":"https:\/\/viajamagazine.com\/index.php?rest_route=\/wp\/v2\/types\/post"}],"author":[{"embeddable":true,"href":"https:\/\/viajamagazine.com\/index.php?rest_route=\/wp\/v2\/users\/1"}],"replies":[{"embeddable":true,"href":"https:\/\/viajamagazine.com\/index.php?rest_route=%2Fwp%2Fv2%2Fcomments&post=22523"}],"version-history":[{"count":1,"href":"https:\/\/viajamagazine.com\/index.php?rest_route=\/wp\/v2\/posts\/22523\/revisions"}],"predecessor-version":[{"id":22524,"href":"https:\/\/viajamagazine.com\/index.php?rest_route=\/wp\/v2\/posts\/22523\/revisions\/22524"}],"wp:featuredmedia":[{"embeddable":true,"href":"https:\/\/viajamagazine.com\/index.php?rest_route=\/wp\/v2\/media\/22525"}],"wp:attachment":[{"href":"https:\/\/viajamagazine.com\/index.php?rest_route=%2Fwp%2Fv2%2Fmedia&parent=22523"}],"wp:term":[{"taxonomy":"category","embeddable":true,"href":"https:\/\/viajamagazine.com\/index.php?rest_route=%2Fwp%2Fv2%2Fcategories&post=22523"},{"taxonomy":"post_tag","embeddable":true,"href":"https:\/\/viajamagazine.com\/index.php?rest_route=%2Fwp%2Fv2%2Ftags&post=22523"}],"curies":[{"name":"wp","href":"https:\/\/api.w.org\/{rel}","templated":true}]}}