{"id":22511,"date":"2025-04-02T13:25:58","date_gmt":"2025-04-02T19:25:58","guid":{"rendered":"https:\/\/viajamagazine.com\/?p=22511"},"modified":"2025-04-02T19:25:59","modified_gmt":"2025-04-02T19:25:59","slug":"argentina-buenos-aires-indice-de-pobreza","status":"publish","type":"post","link":"https:\/\/viajamagazine.com\/?p=22511","title":{"rendered":"ARGENTINA-BUENOS AIRES-INDICE DE POBREZA"},"content":{"rendered":"<div class=\"el-scrollbar__wrap\">\n<div class=\"el-scrollbar__view\">\n<div class=\"news-content\" data-v-1eda797c=\"\">(250401) &#8212; BUENOS AIRES, 1 abril, 2025 (Xinhua) &#8212; Personas cruzan la avenida 9 de Julio, en la ciudad de Buenos Aires, capital de Argentina, el 1 de abril de 2025. El \u00edndice de pobreza en Argentina descendi\u00f3 a 38,1 por ciento en el segundo semestre de 2024 mostrando una baja de 14,8 puntos porcentuales frente a los primeros seis meses de ese a\u00f1o, inform\u00f3 el lunes el Instituto Nacional de Estad\u00edstica y Censos. (Xinhua\/Mart\u00edn Zabala) (mz) (oa) (ah) (ce)<\/div>\n<\/div>\n<\/div>\n<div class=\"el-scrollbar__bar is-horizontal\"><\/div>\n","protected":false},"excerpt":{"rendered":"<p>(250401) &#8212; BUENOS AIRES, 1 abril, 2025 (Xinhua) &#8212; Personas cruzan la avenida 9 de&#8230;<\/p>\n","protected":false},"author":1,"featured_media":22513,"comment_status":"open","ping_status":"closed","sticky":false,"template":"","format":"standard","meta":{"footnotes":""},"categories":[2],"tags":[],"class_list":["post-22511","post","type-post","status-publish","format-standard","has-post-thumbnail","hentry","category-internacional"],"_links":{"self":[{"href":"https:\/\/viajamagazine.com\/index.php?rest_route=\/wp\/v2\/posts\/22511","targetHints":{"allow":["GET"]}}],"collection":[{"href":"https:\/\/viajamagazine.com\/index.php?rest_route=\/wp\/v2\/posts"}],"about":[{"href":"https:\/\/viajamagazine.com\/index.php?rest_route=\/wp\/v2\/types\/post"}],"author":[{"embeddable":true,"href":"https:\/\/viajamagazine.com\/index.php?rest_route=\/wp\/v2\/users\/1"}],"replies":[{"embeddable":true,"href":"https:\/\/viajamagazine.com\/index.php?rest_route=%2Fwp%2Fv2%2Fcomments&post=22511"}],"version-history":[{"count":1,"href":"https:\/\/viajamagazine.com\/index.php?rest_route=\/wp\/v2\/posts\/22511\/revisions"}],"predecessor-version":[{"id":22512,"href":"https:\/\/viajamagazine.com\/index.php?rest_route=\/wp\/v2\/posts\/22511\/revisions\/22512"}],"wp:featuredmedia":[{"embeddable":true,"href":"https:\/\/viajamagazine.com\/index.php?rest_route=\/wp\/v2\/media\/22513"}],"wp:attachment":[{"href":"https:\/\/viajamagazine.com\/index.php?rest_route=%2Fwp%2Fv2%2Fmedia&parent=22511"}],"wp:term":[{"taxonomy":"category","embeddable":true,"href":"https:\/\/viajamagazine.com\/index.php?rest_route=%2Fwp%2Fv2%2Fcategories&post=22511"},{"taxonomy":"post_tag","embeddable":true,"href":"https:\/\/viajamagazine.com\/index.php?rest_route=%2Fwp%2Fv2%2Ftags&post=22511"}],"curies":[{"name":"wp","href":"https:\/\/api.w.org\/{rel}","templated":true}]}}