{"id":22499,"date":"2025-04-02T13:24:02","date_gmt":"2025-04-02T19:24:02","guid":{"rendered":"https:\/\/viajamagazine.com\/?p=22499"},"modified":"2025-04-02T19:24:03","modified_gmt":"2025-04-02T19:24:03","slug":"italia-bolonia-feria-del-libro-infantil-area-de-exposicion-china-2","status":"publish","type":"post","link":"https:\/\/viajamagazine.com\/?p=22499","title":{"rendered":"ITALIA-BOLONIA-FERIA DEL LIBRO INFANTIL-AREA DE EXPOSICION CHINA"},"content":{"rendered":"<div class=\"el-scrollbar__wrap\">\n<div class=\"el-scrollbar__view\">\n<div class=\"news-content\" data-v-1eda797c=\"\">(250401) &#8212; BOLONIA, 1 abril, 2025 (Xinhua) &#8212; Imagen del 1 de abril de 2025 de una imagen de Ne Zha, un ni\u00f1o-dios rebelde del folclore chino, exhibida en el \u00e1rea de exposici\u00f3n china durante la 62\u00aa Feria Internacional del Libro Infantil de Bolonia, en Bolonia, Italia. La feria del libro se inaugur\u00f3 el lunes en la ciudad italiana de Bolonia, y China organiz\u00f3 una serie de eventos para promover su literatura para j\u00f3venes lectores en la escena mundial. (Xinhua\/Li Jing) (oa) (ah) (ce)<\/div>\n<\/div>\n<\/div>\n<div class=\"el-scrollbar__bar is-horizontal\"><\/div>\n","protected":false},"excerpt":{"rendered":"<p>(250401) &#8212; BOLONIA, 1 abril, 2025 (Xinhua) &#8212; Imagen del 1 de abril de 2025&#8230;<\/p>\n","protected":false},"author":1,"featured_media":22501,"comment_status":"open","ping_status":"closed","sticky":false,"template":"","format":"standard","meta":{"footnotes":""},"categories":[2],"tags":[],"class_list":["post-22499","post","type-post","status-publish","format-standard","has-post-thumbnail","hentry","category-internacional"],"_links":{"self":[{"href":"https:\/\/viajamagazine.com\/index.php?rest_route=\/wp\/v2\/posts\/22499","targetHints":{"allow":["GET"]}}],"collection":[{"href":"https:\/\/viajamagazine.com\/index.php?rest_route=\/wp\/v2\/posts"}],"about":[{"href":"https:\/\/viajamagazine.com\/index.php?rest_route=\/wp\/v2\/types\/post"}],"author":[{"embeddable":true,"href":"https:\/\/viajamagazine.com\/index.php?rest_route=\/wp\/v2\/users\/1"}],"replies":[{"embeddable":true,"href":"https:\/\/viajamagazine.com\/index.php?rest_route=%2Fwp%2Fv2%2Fcomments&post=22499"}],"version-history":[{"count":1,"href":"https:\/\/viajamagazine.com\/index.php?rest_route=\/wp\/v2\/posts\/22499\/revisions"}],"predecessor-version":[{"id":22500,"href":"https:\/\/viajamagazine.com\/index.php?rest_route=\/wp\/v2\/posts\/22499\/revisions\/22500"}],"wp:featuredmedia":[{"embeddable":true,"href":"https:\/\/viajamagazine.com\/index.php?rest_route=\/wp\/v2\/media\/22501"}],"wp:attachment":[{"href":"https:\/\/viajamagazine.com\/index.php?rest_route=%2Fwp%2Fv2%2Fmedia&parent=22499"}],"wp:term":[{"taxonomy":"category","embeddable":true,"href":"https:\/\/viajamagazine.com\/index.php?rest_route=%2Fwp%2Fv2%2Fcategories&post=22499"},{"taxonomy":"post_tag","embeddable":true,"href":"https:\/\/viajamagazine.com\/index.php?rest_route=%2Fwp%2Fv2%2Ftags&post=22499"}],"curies":[{"name":"wp","href":"https:\/\/api.w.org\/{rel}","templated":true}]}}