{"id":22484,"date":"2025-04-02T13:22:19","date_gmt":"2025-04-02T19:22:19","guid":{"rendered":"https:\/\/viajamagazine.com\/?p=22484"},"modified":"2025-04-02T19:22:19","modified_gmt":"2025-04-02T19:22:19","slug":"francia-estrasburgo-eeuu-aranceles-ue-represalias","status":"publish","type":"post","link":"https:\/\/viajamagazine.com\/?p=22484","title":{"rendered":"FRANCIA-ESTRASBURGO-EEUU-ARANCELES-UE-REPRESALIAS"},"content":{"rendered":"<div class=\"el-scrollbar__wrap\">\n<div class=\"el-scrollbar__view\">\n<div class=\"news-content\" data-v-1eda797c=\"\">(250401) &#8212; ESTRASBURGO, 1 abril, 2025 (Xinhua) &#8212; La presidenta de la Comisi\u00f3n Europea, Ursula von der Leyen, pronuncia un discurso en el Parlamento Europeo, en Estrasburgo, Francia, el 1 de abril de 2025. La Uni\u00f3n Europea tiene un plan s\u00f3lido para tomar represalias contra los aranceles estadounidenses y no dudar\u00e1 en actuar si es necesario, dijo von der Leyen el martes. (Xinhua\/Uni\u00f3n Europea) (oa) (ah) (ce)<\/div>\n<\/div>\n<\/div>\n<div class=\"el-scrollbar__bar is-horizontal\"><\/div>\n","protected":false},"excerpt":{"rendered":"<p>(250401) &#8212; ESTRASBURGO, 1 abril, 2025 (Xinhua) &#8212; La presidenta de la Comisi\u00f3n Europea, Ursula&#8230;<\/p>\n","protected":false},"author":1,"featured_media":22486,"comment_status":"open","ping_status":"closed","sticky":false,"template":"","format":"standard","meta":{"footnotes":""},"categories":[2],"tags":[],"class_list":["post-22484","post","type-post","status-publish","format-standard","has-post-thumbnail","hentry","category-internacional"],"_links":{"self":[{"href":"https:\/\/viajamagazine.com\/index.php?rest_route=\/wp\/v2\/posts\/22484","targetHints":{"allow":["GET"]}}],"collection":[{"href":"https:\/\/viajamagazine.com\/index.php?rest_route=\/wp\/v2\/posts"}],"about":[{"href":"https:\/\/viajamagazine.com\/index.php?rest_route=\/wp\/v2\/types\/post"}],"author":[{"embeddable":true,"href":"https:\/\/viajamagazine.com\/index.php?rest_route=\/wp\/v2\/users\/1"}],"replies":[{"embeddable":true,"href":"https:\/\/viajamagazine.com\/index.php?rest_route=%2Fwp%2Fv2%2Fcomments&post=22484"}],"version-history":[{"count":1,"href":"https:\/\/viajamagazine.com\/index.php?rest_route=\/wp\/v2\/posts\/22484\/revisions"}],"predecessor-version":[{"id":22485,"href":"https:\/\/viajamagazine.com\/index.php?rest_route=\/wp\/v2\/posts\/22484\/revisions\/22485"}],"wp:featuredmedia":[{"embeddable":true,"href":"https:\/\/viajamagazine.com\/index.php?rest_route=\/wp\/v2\/media\/22486"}],"wp:attachment":[{"href":"https:\/\/viajamagazine.com\/index.php?rest_route=%2Fwp%2Fv2%2Fmedia&parent=22484"}],"wp:term":[{"taxonomy":"category","embeddable":true,"href":"https:\/\/viajamagazine.com\/index.php?rest_route=%2Fwp%2Fv2%2Fcategories&post=22484"},{"taxonomy":"post_tag","embeddable":true,"href":"https:\/\/viajamagazine.com\/index.php?rest_route=%2Fwp%2Fv2%2Ftags&post=22484"}],"curies":[{"name":"wp","href":"https:\/\/api.w.org\/{rel}","templated":true}]}}