{"id":22472,"date":"2025-04-02T13:20:30","date_gmt":"2025-04-02T19:20:30","guid":{"rendered":"https:\/\/viajamagazine.com\/?p=22472"},"modified":"2025-04-02T19:20:31","modified_gmt":"2025-04-02T19:20:31","slug":"ecuador-quito-china-autobuses-electricos-2","status":"publish","type":"post","link":"https:\/\/viajamagazine.com\/?p=22472","title":{"rendered":"ECUADOR-QUITO-CHINA-AUTOBUSES ELECTRICOS"},"content":{"rendered":"<div class=\"el-scrollbar__wrap\">\n<div class=\"el-scrollbar__view\">\n<div class=\"news-content\" data-v-1eda797c=\"\">(250401) &#8212; QUITO, 1 abril, 2025 (Xinhua) &#8212; Vista a\u00e9rea tomada con un dron el 31 de marzo de 2025 de autobuses chinos de nueva energ\u00eda vistos durante una ceremonia de entrega en el parque de la Ni\u00f1a, en el norte de Quito, capital de Ecuador. Quito, la capital de Ecuador, dio el lunes un paso significativo en su transici\u00f3n hacia un transporte p\u00fablico m\u00e1s sostenible con la puesta en operaci\u00f3n de 46 autobuses totalmente el\u00e9ctricos fabricados en China. Estos modernos veh\u00edculos, producidos por la empresa china Yutong Bus, arribaron a la ciudad desde Shanghai, reforzando la apuesta de Quito, la segunda urbe m\u00e1s poblada del pa\u00eds con m\u00e1s de 2,6 millones de habitantes, por una movilidad m\u00e1s eficiente y ecol\u00f3gica. (Xinhua\/Ricardo Landeta) (rl) (ah) (vf)<\/div>\n<\/div>\n<\/div>\n<div class=\"el-scrollbar__bar is-horizontal\"><\/div>\n","protected":false},"excerpt":{"rendered":"<p>(250401) &#8212; QUITO, 1 abril, 2025 (Xinhua) &#8212; Vista a\u00e9rea tomada con un dron el&#8230;<\/p>\n","protected":false},"author":1,"featured_media":22474,"comment_status":"open","ping_status":"closed","sticky":false,"template":"","format":"standard","meta":{"footnotes":""},"categories":[2],"tags":[],"class_list":["post-22472","post","type-post","status-publish","format-standard","has-post-thumbnail","hentry","category-internacional"],"_links":{"self":[{"href":"https:\/\/viajamagazine.com\/index.php?rest_route=\/wp\/v2\/posts\/22472","targetHints":{"allow":["GET"]}}],"collection":[{"href":"https:\/\/viajamagazine.com\/index.php?rest_route=\/wp\/v2\/posts"}],"about":[{"href":"https:\/\/viajamagazine.com\/index.php?rest_route=\/wp\/v2\/types\/post"}],"author":[{"embeddable":true,"href":"https:\/\/viajamagazine.com\/index.php?rest_route=\/wp\/v2\/users\/1"}],"replies":[{"embeddable":true,"href":"https:\/\/viajamagazine.com\/index.php?rest_route=%2Fwp%2Fv2%2Fcomments&post=22472"}],"version-history":[{"count":1,"href":"https:\/\/viajamagazine.com\/index.php?rest_route=\/wp\/v2\/posts\/22472\/revisions"}],"predecessor-version":[{"id":22473,"href":"https:\/\/viajamagazine.com\/index.php?rest_route=\/wp\/v2\/posts\/22472\/revisions\/22473"}],"wp:featuredmedia":[{"embeddable":true,"href":"https:\/\/viajamagazine.com\/index.php?rest_route=\/wp\/v2\/media\/22474"}],"wp:attachment":[{"href":"https:\/\/viajamagazine.com\/index.php?rest_route=%2Fwp%2Fv2%2Fmedia&parent=22472"}],"wp:term":[{"taxonomy":"category","embeddable":true,"href":"https:\/\/viajamagazine.com\/index.php?rest_route=%2Fwp%2Fv2%2Fcategories&post=22472"},{"taxonomy":"post_tag","embeddable":true,"href":"https:\/\/viajamagazine.com\/index.php?rest_route=%2Fwp%2Fv2%2Ftags&post=22472"}],"curies":[{"name":"wp","href":"https:\/\/api.w.org\/{rel}","templated":true}]}}