{"id":22442,"date":"2025-04-02T13:13:17","date_gmt":"2025-04-02T19:13:17","guid":{"rendered":"https:\/\/viajamagazine.com\/?p=22442"},"modified":"2025-04-02T19:13:18","modified_gmt":"2025-04-02T19:13:18","slug":"francia-region-del-gran-este-guia-michelin-ceremonia-2025-5","status":"publish","type":"post","link":"https:\/\/viajamagazine.com\/?p=22442","title":{"rendered":"FRANCIA-REGION DEL GRAN ESTE-GUIA MICHELIN-CEREMONIA 2025"},"content":{"rendered":"<div class=\"el-scrollbar__wrap\">\n<div class=\"el-scrollbar__view\">\n<div class=\"news-content\" data-v-1eda797c=\"\">(250401) &#8212; METZ, 1 abril, 2025 (Xinhua) &#8212; Imagen del 31 de marzo de 2025 de un chef con dos estrellas Michelin preparando alimentos, cerca de Metz, Mosela, en la regi\u00f3n del Gran Este, Francia. La Gu\u00eda Michelin Francia present\u00f3 el lunes su Ceremonia 2025 en Metz. El evento devel\u00f3 la selecci\u00f3n de la Gu\u00eda Michelin Francia 2025 junto con una serie de celebraciones. (Xinhua\/Gao Jing) (jg) (ra) (ce)<\/div>\n<\/div>\n<\/div>\n<div class=\"el-scrollbar__bar is-horizontal\"><\/div>\n","protected":false},"excerpt":{"rendered":"<p>(250401) &#8212; METZ, 1 abril, 2025 (Xinhua) &#8212; Imagen del 31 de marzo de 2025&#8230;<\/p>\n","protected":false},"author":1,"featured_media":22444,"comment_status":"open","ping_status":"closed","sticky":false,"template":"","format":"standard","meta":{"footnotes":""},"categories":[2],"tags":[],"class_list":["post-22442","post","type-post","status-publish","format-standard","has-post-thumbnail","hentry","category-internacional"],"_links":{"self":[{"href":"https:\/\/viajamagazine.com\/index.php?rest_route=\/wp\/v2\/posts\/22442","targetHints":{"allow":["GET"]}}],"collection":[{"href":"https:\/\/viajamagazine.com\/index.php?rest_route=\/wp\/v2\/posts"}],"about":[{"href":"https:\/\/viajamagazine.com\/index.php?rest_route=\/wp\/v2\/types\/post"}],"author":[{"embeddable":true,"href":"https:\/\/viajamagazine.com\/index.php?rest_route=\/wp\/v2\/users\/1"}],"replies":[{"embeddable":true,"href":"https:\/\/viajamagazine.com\/index.php?rest_route=%2Fwp%2Fv2%2Fcomments&post=22442"}],"version-history":[{"count":1,"href":"https:\/\/viajamagazine.com\/index.php?rest_route=\/wp\/v2\/posts\/22442\/revisions"}],"predecessor-version":[{"id":22443,"href":"https:\/\/viajamagazine.com\/index.php?rest_route=\/wp\/v2\/posts\/22442\/revisions\/22443"}],"wp:featuredmedia":[{"embeddable":true,"href":"https:\/\/viajamagazine.com\/index.php?rest_route=\/wp\/v2\/media\/22444"}],"wp:attachment":[{"href":"https:\/\/viajamagazine.com\/index.php?rest_route=%2Fwp%2Fv2%2Fmedia&parent=22442"}],"wp:term":[{"taxonomy":"category","embeddable":true,"href":"https:\/\/viajamagazine.com\/index.php?rest_route=%2Fwp%2Fv2%2Fcategories&post=22442"},{"taxonomy":"post_tag","embeddable":true,"href":"https:\/\/viajamagazine.com\/index.php?rest_route=%2Fwp%2Fv2%2Ftags&post=22442"}],"curies":[{"name":"wp","href":"https:\/\/api.w.org\/{rel}","templated":true}]}}