{"id":22412,"date":"2025-04-02T13:08:48","date_gmt":"2025-04-02T19:08:48","guid":{"rendered":"https:\/\/viajamagazine.com\/?p=22412"},"modified":"2025-04-02T19:08:49","modified_gmt":"2025-04-02T19:08:49","slug":"italia-bolonia-feria-del-libro-infantil-inauguracion","status":"publish","type":"post","link":"https:\/\/viajamagazine.com\/?p=22412","title":{"rendered":"ITALIA-BOLONIA-FERIA DEL LIBRO INFANTIL-INAUGURACION"},"content":{"rendered":"<div class=\"el-scrollbar__wrap\">\n<div class=\"el-scrollbar__view\">\n<div class=\"news-content\" data-v-1eda797c=\"\">(250401) &#8212; BOLONIA, 1 abril, 2025 (Xinhua) &#8212; Imagen del 31 de marzo de 2025 de expositores conversando en un estand de editoriales chinas durante la 62\u00aa Feria Internacional del Libro Infantil de Bolonia, en Bolonia, Italia. La 62\u00aa Feria Internacional del Libro Infantil de Bolonia se inaugur\u00f3 el lunes en la ciudad italiana de Bolonia. Reconocida como una de las ferias del libro infantil m\u00e1s grandes e influyentes del mundo, la edici\u00f3n de este a\u00f1o ha atra\u00eddo a m\u00e1s de 1.500 expositores de m\u00e1s de 90 pa\u00edses y regiones. Se espera que la feria reciba a m\u00e1s de 20.000 visitantes. (Xinhua\/Li Jing) (oa) (ah) (ce)<\/div>\n<\/div>\n<\/div>\n<div class=\"el-scrollbar__bar is-horizontal\"><\/div>\n","protected":false},"excerpt":{"rendered":"<p>(250401) &#8212; BOLONIA, 1 abril, 2025 (Xinhua) &#8212; Imagen del 31 de marzo de 2025&#8230;<\/p>\n","protected":false},"author":1,"featured_media":22414,"comment_status":"open","ping_status":"closed","sticky":false,"template":"","format":"standard","meta":{"footnotes":""},"categories":[2],"tags":[],"class_list":["post-22412","post","type-post","status-publish","format-standard","has-post-thumbnail","hentry","category-internacional"],"_links":{"self":[{"href":"https:\/\/viajamagazine.com\/index.php?rest_route=\/wp\/v2\/posts\/22412","targetHints":{"allow":["GET"]}}],"collection":[{"href":"https:\/\/viajamagazine.com\/index.php?rest_route=\/wp\/v2\/posts"}],"about":[{"href":"https:\/\/viajamagazine.com\/index.php?rest_route=\/wp\/v2\/types\/post"}],"author":[{"embeddable":true,"href":"https:\/\/viajamagazine.com\/index.php?rest_route=\/wp\/v2\/users\/1"}],"replies":[{"embeddable":true,"href":"https:\/\/viajamagazine.com\/index.php?rest_route=%2Fwp%2Fv2%2Fcomments&post=22412"}],"version-history":[{"count":1,"href":"https:\/\/viajamagazine.com\/index.php?rest_route=\/wp\/v2\/posts\/22412\/revisions"}],"predecessor-version":[{"id":22413,"href":"https:\/\/viajamagazine.com\/index.php?rest_route=\/wp\/v2\/posts\/22412\/revisions\/22413"}],"wp:featuredmedia":[{"embeddable":true,"href":"https:\/\/viajamagazine.com\/index.php?rest_route=\/wp\/v2\/media\/22414"}],"wp:attachment":[{"href":"https:\/\/viajamagazine.com\/index.php?rest_route=%2Fwp%2Fv2%2Fmedia&parent=22412"}],"wp:term":[{"taxonomy":"category","embeddable":true,"href":"https:\/\/viajamagazine.com\/index.php?rest_route=%2Fwp%2Fv2%2Fcategories&post=22412"},{"taxonomy":"post_tag","embeddable":true,"href":"https:\/\/viajamagazine.com\/index.php?rest_route=%2Fwp%2Fv2%2Ftags&post=22412"}],"curies":[{"name":"wp","href":"https:\/\/api.w.org\/{rel}","templated":true}]}}