{"id":22218,"date":"2025-04-02T11:43:30","date_gmt":"2025-04-02T17:43:30","guid":{"rendered":"https:\/\/viajamagazine.com\/?p=22218"},"modified":"2025-04-02T17:43:31","modified_gmt":"2025-04-02T17:43:31","slug":"argentina-reafirma-reclamo-inclaudicable-para-recuperar-soberania-de-islas-malvinas","status":"publish","type":"post","link":"https:\/\/viajamagazine.com\/?p=22218","title":{"rendered":"Argentina reafirma \u00abreclamo inclaudicable\u00bb para recuperar soberan\u00eda de Islas Malvinas"},"content":{"rendered":"<p>BUENOS AIRES, 2 abr (Xinhua) &#8212; El Gobierno argentino reafirm\u00f3 hoy mi\u00e9rcoles su \u00abreclamo inclaudicable\u00bb en pos de recuperar la soberan\u00eda efectiva sobre las Islas Malvinas, un archipi\u00e9lago ubicado en el sur del Oc\u00e9ano Atl\u00e1ntico controlado desde 1833 por el Reino Unido, al cumplirse 43 a\u00f1os del inicio de un conflicto b\u00e9lico entre ambas partes por el territorio insular. La Oficina del Presidente (OP) dijo que \u00abreafirma, a 43 a\u00f1os de la Guerra de Malvinas, el reclamo inclaudicable de la Rep\u00fablica Argentina por la soberan\u00eda sobre las Islas Malvinas, Georgias del Sur, S\u00e1ndwich del Sur y los espacios mar\u00edtimos circundantes, reafirmando su compromiso con esta causa hist\u00f3rica\u00bb. En este contexto, el presidente Javier Milei decret\u00f3 el reconocimiento como Subtenientes de Reserva a todos los Soldados Aspirantes a Oficiales de Reserva (AOR) que combatieron en el conflicto y que, hasta el momento, no hab\u00edan recibido dicho rango. \u00abEl leg\u00edtimo reclamo de soberan\u00eda debe sustentarse con acciones concretas y no con meros discursos. El reconocimiento y el respeto hacia las Fuerzas Armadas constituyen un pilar fundamental para fortalecer nuestra posici\u00f3n en el \u00e1mbito internacional. El primer paso para impulsar nuestras demandas es honrar a quienes hist\u00f3ricamente han peleado y dado su vida por ellas\u00bb, manifest\u00f3 la OP a trav\u00e9s de un comunicado. La informaci\u00f3n record\u00f3 que un a\u00f1o atr\u00e1s, el presidente Milei anunci\u00f3 a las Fuerzas Armadas y a los Veteranos de Malvinas \u00abel fin de una era en la que la pol\u00edtica los estigmatizaba y desvalorizaba\u00bb, y a\u00f1adi\u00f3 que el Ejecutivo \u00abcontinuar\u00e1 trabajando para fortalecer a las Fuerzas Armadas y honrar la memoria de quienes dieron su vida por nuestra Naci\u00f3n, reafirmando que la defensa de la soberan\u00eda es una causa que une a todos los argentinos\u00bb. \u00abLa lucha por las Malvinas no cesar\u00e1 hasta que nuestra bandera vuelva a flamear en las Islas, y este Gobierno est\u00e1 decidido a liderar ese camino con hechos concretos\u00bb, asegur\u00f3 el bolet\u00edn de prensa. Argentina y el Reino Unido protagonizaron un conflicto b\u00e9lico entre el 2 de abril y el 14 de junio de 1982 por la soberan\u00eda del territorio insular, controlado por Londres desde 1833. La conflagraci\u00f3n concluy\u00f3 tras la muerte de 649 soldados argentinos, 255 militares brit\u00e1nicos y tres isle\u00f1os. La existencia de una disputa de soberan\u00eda entre Argentina y el Reino Unido fue reconocida por la Asamblea General de las Naciones Unidas mediante la Resoluci\u00f3n 2065, del a\u00f1o 1965. Argentina considera que existe una \u00abileg\u00edtima ocupaci\u00f3n\u00bb por parte del Reino Unido desde el 3 de enero de 1833, cuando fuerzas brit\u00e1nicas desalojaron a la poblaci\u00f3n y a las autoridades argentinas all\u00ed establecidas, reemplaz\u00e1ndolas por s\u00fabditos brit\u00e1nicos. Distintos actos p\u00fablicos tendr\u00e1n lugar este mi\u00e9rcoles en todo el pa\u00eds para recordar a los ca\u00eddos en el conflicto y a los excombatientes, con ceremonias previstas en la ciudad de Buenos Aires (capital), en R\u00edo Grande (sur) y en San Andr\u00e9s de Giles (centro) y en capitales provinciales, como La Plata (Buenos Aires, centro), Rawson (Chubut, sur) y Posadas (Misiones, noreste), entre otras. Fin<\/p>\n","protected":false},"excerpt":{"rendered":"<p>BUENOS AIRES, 2 abr (Xinhua) &#8212; El Gobierno argentino reafirm\u00f3 hoy mi\u00e9rcoles su \u00abreclamo inclaudicable\u00bb&#8230;<\/p>\n","protected":false},"author":1,"featured_media":0,"comment_status":"open","ping_status":"closed","sticky":false,"template":"","format":"standard","meta":{"footnotes":""},"categories":[2],"tags":[],"class_list":["post-22218","post","type-post","status-publish","format-standard","hentry","category-internacional"],"_links":{"self":[{"href":"https:\/\/viajamagazine.com\/index.php?rest_route=\/wp\/v2\/posts\/22218","targetHints":{"allow":["GET"]}}],"collection":[{"href":"https:\/\/viajamagazine.com\/index.php?rest_route=\/wp\/v2\/posts"}],"about":[{"href":"https:\/\/viajamagazine.com\/index.php?rest_route=\/wp\/v2\/types\/post"}],"author":[{"embeddable":true,"href":"https:\/\/viajamagazine.com\/index.php?rest_route=\/wp\/v2\/users\/1"}],"replies":[{"embeddable":true,"href":"https:\/\/viajamagazine.com\/index.php?rest_route=%2Fwp%2Fv2%2Fcomments&post=22218"}],"version-history":[{"count":1,"href":"https:\/\/viajamagazine.com\/index.php?rest_route=\/wp\/v2\/posts\/22218\/revisions"}],"predecessor-version":[{"id":22219,"href":"https:\/\/viajamagazine.com\/index.php?rest_route=\/wp\/v2\/posts\/22218\/revisions\/22219"}],"wp:attachment":[{"href":"https:\/\/viajamagazine.com\/index.php?rest_route=%2Fwp%2Fv2%2Fmedia&parent=22218"}],"wp:term":[{"taxonomy":"category","embeddable":true,"href":"https:\/\/viajamagazine.com\/index.php?rest_route=%2Fwp%2Fv2%2Fcategories&post=22218"},{"taxonomy":"post_tag","embeddable":true,"href":"https:\/\/viajamagazine.com\/index.php?rest_route=%2Fwp%2Fv2%2Ftags&post=22218"}],"curies":[{"name":"wp","href":"https:\/\/api.w.org\/{rel}","templated":true}]}}