{"id":22202,"date":"2025-04-02T11:41:05","date_gmt":"2025-04-02T17:41:05","guid":{"rendered":"https:\/\/viajamagazine.com\/?p=22202"},"modified":"2025-04-02T17:41:06","modified_gmt":"2025-04-02T17:41:06","slug":"futbol-conmebol-lanza-campana-contra-el-racismo-en-partidos-de-copa-libertadores-y-sudamericana","status":"publish","type":"post","link":"https:\/\/viajamagazine.com\/?p=22202","title":{"rendered":"F\u00fatbol: Conmebol lanza campa\u00f1a contra el racismo en partidos de Copa Libertadores y Sudamericana"},"content":{"rendered":"<div class=\"el-scrollbar__wrap\">\n<div class=\"el-scrollbar__view\">\n<div class=\"news-content\" data-v-1eda797c=\"\">ASUNCI\u00d3N, 1 abr (Xinhua) &#8212; La Confederaci\u00f3n Sudamericana de F\u00fatbol (Conmebol) lanz\u00f3 este martes una campa\u00f1a contra el racismo, la discriminaci\u00f3n y la violencia, en la previa de los partidos de la fase de grupos de la Copa Libertadores de Am\u00e9rica y la Copa Sudamericana. La iniciativa busca involucrar a todos los actores del f\u00fatbol en la lucha contra estos flagelos y se enmarca dentro de las acciones impulsadas junto a la Federaci\u00f3n Internacional de Futbolistas Profesionales (FIFPRO), para fortalecer el compromiso global en la lucha contra estas problem\u00e1ticas, refiere un reporte oficial de la instituci\u00f3n. La primera acci\u00f3n de esta campa\u00f1a tuvo lugar en la fecha, justo antes del inicio de los partidos, en que los jugadores de ambos equipos contendientes, tras el sorteo en el campo, se posicionaron en una media luna en el c\u00edrculo central, con el \u00e1rbitro en el centro mirando hacia las c\u00e1maras. Este acto de 20 segundos de inacci\u00f3n fue seguido por un silbato simb\u00f3lico, marcando el inicio de un claro mensaje de repudio a todas las formas de discriminaci\u00f3n, racismo y violencia. Durante este intervalo, los locutores de los estadios informaron al p\u00fablico que la pelota no se mover\u00eda, como s\u00edmbolo de rechazo hacia estas pr\u00e1cticas, y transmitieron el mensaje de que \u00abel f\u00fatbol debe ser un espacio libre de odio y violencia\u00bb. \u00abLa pelota no se mueve como s\u00edmbolo de repudio a la discriminaci\u00f3n, el racismo y la violencia, instando a vivir esta fiesta con pasi\u00f3n y respeto. \u00a1Basta ya!\u00bb, fue el mensaje que se escuch\u00f3 en los altoparlantes de los distintos escenarios sudamericanos. Con este simb\u00f3lico gesto, la Conmebol refuerza su compromiso e invita a todos los actores del f\u00fatbol a transmitir el mensaje claro de que el f\u00fatbol debe ser una celebraci\u00f3n de respeto, pasi\u00f3n y tolerancia, resalta el reporte oficial. Fin<\/div>\n<\/div>\n<\/div>\n<div class=\"el-scrollbar__bar is-horizontal\"><\/div>\n","protected":false},"excerpt":{"rendered":"<p>ASUNCI\u00d3N, 1 abr (Xinhua) &#8212; La Confederaci\u00f3n Sudamericana de F\u00fatbol (Conmebol) lanz\u00f3 este martes una&#8230;<\/p>\n","protected":false},"author":1,"featured_media":0,"comment_status":"open","ping_status":"closed","sticky":false,"template":"","format":"standard","meta":{"footnotes":""},"categories":[2],"tags":[],"class_list":["post-22202","post","type-post","status-publish","format-standard","hentry","category-internacional"],"_links":{"self":[{"href":"https:\/\/viajamagazine.com\/index.php?rest_route=\/wp\/v2\/posts\/22202","targetHints":{"allow":["GET"]}}],"collection":[{"href":"https:\/\/viajamagazine.com\/index.php?rest_route=\/wp\/v2\/posts"}],"about":[{"href":"https:\/\/viajamagazine.com\/index.php?rest_route=\/wp\/v2\/types\/post"}],"author":[{"embeddable":true,"href":"https:\/\/viajamagazine.com\/index.php?rest_route=\/wp\/v2\/users\/1"}],"replies":[{"embeddable":true,"href":"https:\/\/viajamagazine.com\/index.php?rest_route=%2Fwp%2Fv2%2Fcomments&post=22202"}],"version-history":[{"count":1,"href":"https:\/\/viajamagazine.com\/index.php?rest_route=\/wp\/v2\/posts\/22202\/revisions"}],"predecessor-version":[{"id":22203,"href":"https:\/\/viajamagazine.com\/index.php?rest_route=\/wp\/v2\/posts\/22202\/revisions\/22203"}],"wp:attachment":[{"href":"https:\/\/viajamagazine.com\/index.php?rest_route=%2Fwp%2Fv2%2Fmedia&parent=22202"}],"wp:term":[{"taxonomy":"category","embeddable":true,"href":"https:\/\/viajamagazine.com\/index.php?rest_route=%2Fwp%2Fv2%2Fcategories&post=22202"},{"taxonomy":"post_tag","embeddable":true,"href":"https:\/\/viajamagazine.com\/index.php?rest_route=%2Fwp%2Fv2%2Ftags&post=22202"}],"curies":[{"name":"wp","href":"https:\/\/api.w.org\/{rel}","templated":true}]}}