{"id":22200,"date":"2025-04-02T11:40:48","date_gmt":"2025-04-02T17:40:48","guid":{"rendered":"https:\/\/viajamagazine.com\/?p=22200"},"modified":"2025-04-02T17:40:48","modified_gmt":"2025-04-02T17:40:48","slug":"paraguay-presenta-solicitud-de-informe-formal-a-brasil-sobre-operativo-de-inteligencia","status":"publish","type":"post","link":"https:\/\/viajamagazine.com\/?p=22200","title":{"rendered":"Paraguay presenta solicitud de informe formal a Brasil sobre operativo de inteligencia"},"content":{"rendered":"<p>ASUNCI\u00d3N, 1 abr (Xinhua) &#8212; El viceministro de Relaciones Exteriores de Paraguay V\u00edctor Verd\u00fan hizo entrega este martes al embajador de Brasil en Asunci\u00f3n, Jos\u00e9 Antonio Marcondes, una solicitud formal de informe al Gobierno brasile\u00f1o sobre las operaciones de inteligencia contra esta naci\u00f3n sudamericana, inform\u00f3 a trav\u00e9s de un comunicado oficial la Canciller\u00eda paraguaya. En el documento se requiere una explicaci\u00f3n detallada sobre la acci\u00f3n de inteligencia ordenada a la Agencia Brasile\u00f1a de Inteligencia (Abin), entre junio del 2022 y marzo del 2023, para supuestamente obtener informaci\u00f3n sensible manejada por altos funcionarios paraguayos sobre la Entidad Binacional Itaip\u00fa, compartida por ambos pa\u00edses. Previamente, el canciller paraguayo Rub\u00e9n Ram\u00edrez Lezcano comunic\u00f3 en conferencia de prensa que el Gobierno paraguayo decidi\u00f3 suspender toda negociaci\u00f3n sobre el Anexo C del Tratado de Itaip\u00fa hasta tanto Brasil no aclare esta situaci\u00f3n. De igual forma, anunci\u00f3 que llam\u00f3 a consultas inmediatamente al embajador de Paraguay en Brasil, Juan \u00c1ngel Delgadillo, a fin de que informe sobre este hecho, y al embajador brasile\u00f1o Jos\u00e9 Antonio Marcondes, para que ofrezca explicaciones detalladas sobre el mismo. En este mismo contexto, el ministro de Tecnolog\u00edas de Informaci\u00f3n y Comunicaci\u00f3n, Gustavo Villate, inform\u00f3 que desde esta instituci\u00f3n ya se inici\u00f3 una investigaci\u00f3n detallada de los eventos ocurridos en el periodo de tiempo mencionado anteriormente. Fin<\/p>\n","protected":false},"excerpt":{"rendered":"<p>ASUNCI\u00d3N, 1 abr (Xinhua) &#8212; El viceministro de Relaciones Exteriores de Paraguay V\u00edctor Verd\u00fan hizo&#8230;<\/p>\n","protected":false},"author":1,"featured_media":0,"comment_status":"open","ping_status":"closed","sticky":false,"template":"","format":"standard","meta":{"footnotes":""},"categories":[2],"tags":[],"class_list":["post-22200","post","type-post","status-publish","format-standard","hentry","category-internacional"],"_links":{"self":[{"href":"https:\/\/viajamagazine.com\/index.php?rest_route=\/wp\/v2\/posts\/22200","targetHints":{"allow":["GET"]}}],"collection":[{"href":"https:\/\/viajamagazine.com\/index.php?rest_route=\/wp\/v2\/posts"}],"about":[{"href":"https:\/\/viajamagazine.com\/index.php?rest_route=\/wp\/v2\/types\/post"}],"author":[{"embeddable":true,"href":"https:\/\/viajamagazine.com\/index.php?rest_route=\/wp\/v2\/users\/1"}],"replies":[{"embeddable":true,"href":"https:\/\/viajamagazine.com\/index.php?rest_route=%2Fwp%2Fv2%2Fcomments&post=22200"}],"version-history":[{"count":1,"href":"https:\/\/viajamagazine.com\/index.php?rest_route=\/wp\/v2\/posts\/22200\/revisions"}],"predecessor-version":[{"id":22201,"href":"https:\/\/viajamagazine.com\/index.php?rest_route=\/wp\/v2\/posts\/22200\/revisions\/22201"}],"wp:attachment":[{"href":"https:\/\/viajamagazine.com\/index.php?rest_route=%2Fwp%2Fv2%2Fmedia&parent=22200"}],"wp:term":[{"taxonomy":"category","embeddable":true,"href":"https:\/\/viajamagazine.com\/index.php?rest_route=%2Fwp%2Fv2%2Fcategories&post=22200"},{"taxonomy":"post_tag","embeddable":true,"href":"https:\/\/viajamagazine.com\/index.php?rest_route=%2Fwp%2Fv2%2Ftags&post=22200"}],"curies":[{"name":"wp","href":"https:\/\/api.w.org\/{rel}","templated":true}]}}