{"id":21863,"date":"2025-04-01T13:10:46","date_gmt":"2025-04-01T19:10:46","guid":{"rendered":"https:\/\/viajamagazine.com\/?p=21863"},"modified":"2025-04-02T15:16:20","modified_gmt":"2025-04-02T15:16:20","slug":"tunez-tunez-eid-al-fitr-observacion-de-la-luna-2","status":"publish","type":"post","link":"https:\/\/viajamagazine.com\/?p=21863","title":{"rendered":"TUNEZ-TUNEZ-EID AL-FITR-OBSERVACION DE LA LUNA"},"content":{"rendered":"<div class=\"el-scrollbar__wrap\">\n<div class=\"el-scrollbar__view\">\n<div class=\"news-content\" data-v-1eda797c=\"\">(250330) &#8212; TUNEZ, 30 marzo, 2025 (Xinhua) &#8212; Imagen del 29 de marzo de 2025 de un hombre observando la Luna en un observatorio astron\u00f3mico, en T\u00fanez, capital de T\u00fanez. El Eid al-Fitr, que marca el final del mes de ayuno sagrado isl\u00e1mico del Ramad\u00e1n, es celebrado por los musulmanes de todo el mundo en funci\u00f3n del avistamiento de la Luna creciente. (Xinhua\/Adel Ezzine) (oa) (ah)<\/div>\n<\/div>\n<\/div>\n<div class=\"el-scrollbar__bar is-horizontal\"><\/div>\n","protected":false},"excerpt":{"rendered":"<p>(250330) &#8212; TUNEZ, 30 marzo, 2025 (Xinhua) &#8212; Imagen del 29 de marzo de 2025&#8230;<\/p>\n","protected":false},"author":1,"featured_media":21865,"comment_status":"open","ping_status":"closed","sticky":false,"template":"","format":"standard","meta":{"footnotes":""},"categories":[2],"tags":[],"class_list":["post-21863","post","type-post","status-publish","format-standard","has-post-thumbnail","hentry","category-internacional"],"_links":{"self":[{"href":"https:\/\/viajamagazine.com\/index.php?rest_route=\/wp\/v2\/posts\/21863","targetHints":{"allow":["GET"]}}],"collection":[{"href":"https:\/\/viajamagazine.com\/index.php?rest_route=\/wp\/v2\/posts"}],"about":[{"href":"https:\/\/viajamagazine.com\/index.php?rest_route=\/wp\/v2\/types\/post"}],"author":[{"embeddable":true,"href":"https:\/\/viajamagazine.com\/index.php?rest_route=\/wp\/v2\/users\/1"}],"replies":[{"embeddable":true,"href":"https:\/\/viajamagazine.com\/index.php?rest_route=%2Fwp%2Fv2%2Fcomments&post=21863"}],"version-history":[{"count":1,"href":"https:\/\/viajamagazine.com\/index.php?rest_route=\/wp\/v2\/posts\/21863\/revisions"}],"predecessor-version":[{"id":21864,"href":"https:\/\/viajamagazine.com\/index.php?rest_route=\/wp\/v2\/posts\/21863\/revisions\/21864"}],"wp:featuredmedia":[{"embeddable":true,"href":"https:\/\/viajamagazine.com\/index.php?rest_route=\/wp\/v2\/media\/21865"}],"wp:attachment":[{"href":"https:\/\/viajamagazine.com\/index.php?rest_route=%2Fwp%2Fv2%2Fmedia&parent=21863"}],"wp:term":[{"taxonomy":"category","embeddable":true,"href":"https:\/\/viajamagazine.com\/index.php?rest_route=%2Fwp%2Fv2%2Fcategories&post=21863"},{"taxonomy":"post_tag","embeddable":true,"href":"https:\/\/viajamagazine.com\/index.php?rest_route=%2Fwp%2Fv2%2Ftags&post=21863"}],"curies":[{"name":"wp","href":"https:\/\/api.w.org\/{rel}","templated":true}]}}