{"id":21590,"date":"2025-04-01T13:31:56","date_gmt":"2025-04-01T19:31:56","guid":{"rendered":"https:\/\/viajamagazine.com\/?p=21590"},"modified":"2025-04-01T19:31:57","modified_gmt":"2025-04-01T19:31:57","slug":"pakistan-karachi-eid-al-fitr-oracion-3","status":"publish","type":"post","link":"https:\/\/viajamagazine.com\/?p=21590","title":{"rendered":"PAKISTAN-KARACHI-EID AL-FITR-ORACION"},"content":{"rendered":"<div class=\"el-scrollbar__wrap\">\n<div class=\"el-scrollbar__view\">\n<div class=\"news-content\" data-v-1eda797c=\"\">(250331) &#8212; KARACHI, 31 marzo, 2025 (Xinhua) &#8212; Personas ofrecen oraciones durante el Eid al-Fitr, que marca el final del mes sagrado isl\u00e1mico del Ramad\u00e1n, en Karachi, Pakist\u00e1n, el 31 de marzo de 2025. (Xinhua\/Str) (rtg) (ah) (ce)<\/div>\n<\/div>\n<\/div>\n<div class=\"el-scrollbar__bar is-horizontal\"><\/div>\n","protected":false},"excerpt":{"rendered":"<p>(250331) &#8212; KARACHI, 31 marzo, 2025 (Xinhua) &#8212; Personas ofrecen oraciones durante el Eid al-Fitr,&#8230;<\/p>\n","protected":false},"author":1,"featured_media":21592,"comment_status":"open","ping_status":"closed","sticky":false,"template":"","format":"standard","meta":{"footnotes":""},"categories":[2],"tags":[],"class_list":["post-21590","post","type-post","status-publish","format-standard","has-post-thumbnail","hentry","category-internacional"],"_links":{"self":[{"href":"https:\/\/viajamagazine.com\/index.php?rest_route=\/wp\/v2\/posts\/21590","targetHints":{"allow":["GET"]}}],"collection":[{"href":"https:\/\/viajamagazine.com\/index.php?rest_route=\/wp\/v2\/posts"}],"about":[{"href":"https:\/\/viajamagazine.com\/index.php?rest_route=\/wp\/v2\/types\/post"}],"author":[{"embeddable":true,"href":"https:\/\/viajamagazine.com\/index.php?rest_route=\/wp\/v2\/users\/1"}],"replies":[{"embeddable":true,"href":"https:\/\/viajamagazine.com\/index.php?rest_route=%2Fwp%2Fv2%2Fcomments&post=21590"}],"version-history":[{"count":1,"href":"https:\/\/viajamagazine.com\/index.php?rest_route=\/wp\/v2\/posts\/21590\/revisions"}],"predecessor-version":[{"id":21591,"href":"https:\/\/viajamagazine.com\/index.php?rest_route=\/wp\/v2\/posts\/21590\/revisions\/21591"}],"wp:featuredmedia":[{"embeddable":true,"href":"https:\/\/viajamagazine.com\/index.php?rest_route=\/wp\/v2\/media\/21592"}],"wp:attachment":[{"href":"https:\/\/viajamagazine.com\/index.php?rest_route=%2Fwp%2Fv2%2Fmedia&parent=21590"}],"wp:term":[{"taxonomy":"category","embeddable":true,"href":"https:\/\/viajamagazine.com\/index.php?rest_route=%2Fwp%2Fv2%2Fcategories&post=21590"},{"taxonomy":"post_tag","embeddable":true,"href":"https:\/\/viajamagazine.com\/index.php?rest_route=%2Fwp%2Fv2%2Ftags&post=21590"}],"curies":[{"name":"wp","href":"https:\/\/api.w.org\/{rel}","templated":true}]}}