{"id":21486,"date":"2025-04-01T13:12:38","date_gmt":"2025-04-01T19:12:38","guid":{"rendered":"https:\/\/viajamagazine.com\/?p=21486"},"modified":"2025-04-01T19:12:39","modified_gmt":"2025-04-01T19:12:39","slug":"china-guangxi-festival-sanyuesan-carnaval-2","status":"publish","type":"post","link":"https:\/\/viajamagazine.com\/?p=21486","title":{"rendered":"CHINA-GUANGXI-FESTIVAL SANYUESAN-CARNAVAL"},"content":{"rendered":"<div class=\"el-scrollbar__wrap\">\n<div class=\"el-scrollbar__view\">\n<div class=\"news-content\" data-v-1eda797c=\"\">(250331) &#8212; NANNING, 31 marzo, 2025 (Xinhua) &#8212; Vista a\u00e9rea tomada con un dron el 31 de marzo de 2025 de un bazar flotante durante la ceremonia de apertura de un carnaval, en Nanning, en la regi\u00f3n aut\u00f3noma zhuang de Guangxi, en el sur de China. El carnaval abri\u00f3 en Nanning el lunes para festejar el Festival Sanyuesan, un festival celebrado el tercer d\u00eda del tercer mes lunar, que cae el 31 de marzo este a\u00f1o. (Xinhua\/Zhou Hua) (rtg) (ah) (vf)<\/div>\n<\/div>\n<\/div>\n<div class=\"el-scrollbar__bar is-horizontal\"><\/div>\n","protected":false},"excerpt":{"rendered":"<p>(250331) &#8212; NANNING, 31 marzo, 2025 (Xinhua) &#8212; Vista a\u00e9rea tomada con un dron el&#8230;<\/p>\n","protected":false},"author":1,"featured_media":21488,"comment_status":"open","ping_status":"closed","sticky":false,"template":"","format":"standard","meta":{"footnotes":""},"categories":[2],"tags":[],"class_list":["post-21486","post","type-post","status-publish","format-standard","has-post-thumbnail","hentry","category-internacional"],"_links":{"self":[{"href":"https:\/\/viajamagazine.com\/index.php?rest_route=\/wp\/v2\/posts\/21486","targetHints":{"allow":["GET"]}}],"collection":[{"href":"https:\/\/viajamagazine.com\/index.php?rest_route=\/wp\/v2\/posts"}],"about":[{"href":"https:\/\/viajamagazine.com\/index.php?rest_route=\/wp\/v2\/types\/post"}],"author":[{"embeddable":true,"href":"https:\/\/viajamagazine.com\/index.php?rest_route=\/wp\/v2\/users\/1"}],"replies":[{"embeddable":true,"href":"https:\/\/viajamagazine.com\/index.php?rest_route=%2Fwp%2Fv2%2Fcomments&post=21486"}],"version-history":[{"count":1,"href":"https:\/\/viajamagazine.com\/index.php?rest_route=\/wp\/v2\/posts\/21486\/revisions"}],"predecessor-version":[{"id":21487,"href":"https:\/\/viajamagazine.com\/index.php?rest_route=\/wp\/v2\/posts\/21486\/revisions\/21487"}],"wp:featuredmedia":[{"embeddable":true,"href":"https:\/\/viajamagazine.com\/index.php?rest_route=\/wp\/v2\/media\/21488"}],"wp:attachment":[{"href":"https:\/\/viajamagazine.com\/index.php?rest_route=%2Fwp%2Fv2%2Fmedia&parent=21486"}],"wp:term":[{"taxonomy":"category","embeddable":true,"href":"https:\/\/viajamagazine.com\/index.php?rest_route=%2Fwp%2Fv2%2Fcategories&post=21486"},{"taxonomy":"post_tag","embeddable":true,"href":"https:\/\/viajamagazine.com\/index.php?rest_route=%2Fwp%2Fv2%2Ftags&post=21486"}],"curies":[{"name":"wp","href":"https:\/\/api.w.org\/{rel}","templated":true}]}}