{"id":21480,"date":"2025-04-01T13:11:51","date_gmt":"2025-04-01T19:11:51","guid":{"rendered":"https:\/\/viajamagazine.com\/?p=21480"},"modified":"2025-04-01T19:11:52","modified_gmt":"2025-04-01T19:11:52","slug":"tayikistan-khujand-kirguistan-uzbekistan-tratado-de-cooperacion-regional","status":"publish","type":"post","link":"https:\/\/viajamagazine.com\/?p=21480","title":{"rendered":"TAYIKISTAN-KHUJAND-KIRGUISTAN-UZBEKISTAN-TRATADO DE COOPERACION REGIONAL"},"content":{"rendered":"<div class=\"el-scrollbar__wrap\">\n<div class=\"el-scrollbar__view\">\n<div class=\"news-content\" data-v-1eda797c=\"\">(250331) &#8212; KHUJAND, 31 marzo, 2025 (Xinhua) &#8212; El presidente tayiko, Emomali Rahmon (c), el presidente kirgu\u00eds, Sadyr Japarov (i), y el presidente uzbeko, Shavkat Mirziyoyev, sostienen una reuni\u00f3n trilateral, en Khujand, Tayikist\u00e1n, el 31 de marzo de 2025. Los presidentes de Tayikist\u00e1n, Kirguist\u00e1n y Uzbekist\u00e1n firmaron el lunes un tratado en el punto de uni\u00f3n de sus fronteras nacionales en Khujand, la segunda ciudad m\u00e1s grande de Tayikist\u00e1n. (Xinhua\/Zafar Khalilov) (rtg) (ah) (vf)<\/div>\n<\/div>\n<\/div>\n<div class=\"el-scrollbar__bar is-horizontal\"><\/div>\n","protected":false},"excerpt":{"rendered":"<p>(250331) &#8212; KHUJAND, 31 marzo, 2025 (Xinhua) &#8212; El presidente tayiko, Emomali Rahmon (c), el&#8230;<\/p>\n","protected":false},"author":1,"featured_media":21482,"comment_status":"open","ping_status":"closed","sticky":false,"template":"","format":"standard","meta":{"footnotes":""},"categories":[2],"tags":[],"class_list":["post-21480","post","type-post","status-publish","format-standard","has-post-thumbnail","hentry","category-internacional"],"_links":{"self":[{"href":"https:\/\/viajamagazine.com\/index.php?rest_route=\/wp\/v2\/posts\/21480","targetHints":{"allow":["GET"]}}],"collection":[{"href":"https:\/\/viajamagazine.com\/index.php?rest_route=\/wp\/v2\/posts"}],"about":[{"href":"https:\/\/viajamagazine.com\/index.php?rest_route=\/wp\/v2\/types\/post"}],"author":[{"embeddable":true,"href":"https:\/\/viajamagazine.com\/index.php?rest_route=\/wp\/v2\/users\/1"}],"replies":[{"embeddable":true,"href":"https:\/\/viajamagazine.com\/index.php?rest_route=%2Fwp%2Fv2%2Fcomments&post=21480"}],"version-history":[{"count":1,"href":"https:\/\/viajamagazine.com\/index.php?rest_route=\/wp\/v2\/posts\/21480\/revisions"}],"predecessor-version":[{"id":21481,"href":"https:\/\/viajamagazine.com\/index.php?rest_route=\/wp\/v2\/posts\/21480\/revisions\/21481"}],"wp:featuredmedia":[{"embeddable":true,"href":"https:\/\/viajamagazine.com\/index.php?rest_route=\/wp\/v2\/media\/21482"}],"wp:attachment":[{"href":"https:\/\/viajamagazine.com\/index.php?rest_route=%2Fwp%2Fv2%2Fmedia&parent=21480"}],"wp:term":[{"taxonomy":"category","embeddable":true,"href":"https:\/\/viajamagazine.com\/index.php?rest_route=%2Fwp%2Fv2%2Fcategories&post=21480"},{"taxonomy":"post_tag","embeddable":true,"href":"https:\/\/viajamagazine.com\/index.php?rest_route=%2Fwp%2Fv2%2Ftags&post=21480"}],"curies":[{"name":"wp","href":"https:\/\/api.w.org\/{rel}","templated":true}]}}