{"id":16260,"date":"2025-03-21T11:21:37","date_gmt":"2025-03-21T17:21:37","guid":{"rendered":"https:\/\/viajamagazine.com\/?p=16260"},"modified":"2025-03-21T17:21:38","modified_gmt":"2025-03-21T17:21:38","slug":"libano-naqoura-fpnul-47-aniversario","status":"publish","type":"post","link":"https:\/\/viajamagazine.com\/?p=16260","title":{"rendered":"LIBANO-NAQOURA-FPNUL-47 ANIVERSARIO"},"content":{"rendered":"<div class=\"el-scrollbar__wrap\">\n<div class=\"el-scrollbar__view\">\n<div class=\"news-content\" data-v-1eda797c=\"\">(250320) &#8212; NAQURA, 20 marzo, 2025 (Xinhua) &#8212; Imagen del 19 de marzo de 2025 de Aroldo L\u00e1zaro S\u00e1enz, jefe de la Fuerza Provisional de las Naciones Unidas en el L\u00edbano (FPNUL), asistiendo a una ceremonia para conmemorar el 47 aniversario del establecimiento de la misi\u00f3n en su cuartel general, en Naqoura, en el sur de L\u00edbano. El Consejo de Seguridad de la ONU estableci\u00f3 la FPNUL en marzo de 1978 para supervisar la retirada de las fuerzas israel\u00edes del sur de L\u00edbano y ayudar al Gobierno liban\u00e9s a restablecer el control efectivo de la zona. Su mandato se ampli\u00f3 tras la guerra de 2006 para incluir la supervisi\u00f3n del alto el fuego y el apoyo a las fuerzas libanesas en el mantenimiento de la seguridad. (Xinhua\/Ali Hashisho) (jg) (ah) (vf)<\/div>\n<\/div>\n<\/div>\n<div class=\"el-scrollbar__bar is-horizontal\"><\/div>\n","protected":false},"excerpt":{"rendered":"<p>(250320) &#8212; NAQURA, 20 marzo, 2025 (Xinhua) &#8212; Imagen del 19 de marzo de 2025&#8230;<\/p>\n","protected":false},"author":1,"featured_media":16262,"comment_status":"open","ping_status":"closed","sticky":false,"template":"","format":"standard","meta":{"footnotes":""},"categories":[2],"tags":[],"class_list":["post-16260","post","type-post","status-publish","format-standard","has-post-thumbnail","hentry","category-internacional"],"_links":{"self":[{"href":"https:\/\/viajamagazine.com\/index.php?rest_route=\/wp\/v2\/posts\/16260","targetHints":{"allow":["GET"]}}],"collection":[{"href":"https:\/\/viajamagazine.com\/index.php?rest_route=\/wp\/v2\/posts"}],"about":[{"href":"https:\/\/viajamagazine.com\/index.php?rest_route=\/wp\/v2\/types\/post"}],"author":[{"embeddable":true,"href":"https:\/\/viajamagazine.com\/index.php?rest_route=\/wp\/v2\/users\/1"}],"replies":[{"embeddable":true,"href":"https:\/\/viajamagazine.com\/index.php?rest_route=%2Fwp%2Fv2%2Fcomments&post=16260"}],"version-history":[{"count":1,"href":"https:\/\/viajamagazine.com\/index.php?rest_route=\/wp\/v2\/posts\/16260\/revisions"}],"predecessor-version":[{"id":16261,"href":"https:\/\/viajamagazine.com\/index.php?rest_route=\/wp\/v2\/posts\/16260\/revisions\/16261"}],"wp:featuredmedia":[{"embeddable":true,"href":"https:\/\/viajamagazine.com\/index.php?rest_route=\/wp\/v2\/media\/16262"}],"wp:attachment":[{"href":"https:\/\/viajamagazine.com\/index.php?rest_route=%2Fwp%2Fv2%2Fmedia&parent=16260"}],"wp:term":[{"taxonomy":"category","embeddable":true,"href":"https:\/\/viajamagazine.com\/index.php?rest_route=%2Fwp%2Fv2%2Fcategories&post=16260"},{"taxonomy":"post_tag","embeddable":true,"href":"https:\/\/viajamagazine.com\/index.php?rest_route=%2Fwp%2Fv2%2Ftags&post=16260"}],"curies":[{"name":"wp","href":"https:\/\/api.w.org\/{rel}","templated":true}]}}