{"id":16214,"date":"2025-03-21T11:07:57","date_gmt":"2025-03-21T17:07:57","guid":{"rendered":"https:\/\/viajamagazine.com\/?p=16214"},"modified":"2025-03-21T17:07:58","modified_gmt":"2025-03-21T17:07:58","slug":"brasil-brasilia-futbol-eliminatorias-conferencia-de-prensa-4","status":"publish","type":"post","link":"https:\/\/viajamagazine.com\/?p=16214","title":{"rendered":"BRASIL-BRASILIA-FUTBOL-ELIMINATORIAS-CONFERENCIA DE PRENSA"},"content":{"rendered":"<div class=\"el-scrollbar__wrap\">\n<div class=\"el-scrollbar__view\">\n<div class=\"news-content\" data-v-1eda797c=\"\">(250319) &#8212; BRASILIA, 19 marzo, 2025 (Xinhua) &#8212; El director t\u00e9cnico de la selecci\u00f3n brasile\u00f1a de f\u00fatbol, Dorival J\u00fanior, habla durante una conferencia de prensa previo al partido de las Eliminatorias para la Copa Mundial de la FIFA 2026 ante Colombia, en el Estadio Man\u00e9 Garrincha, en Brasilia, Brasil, el 19 de marzo de 2025. (Xinhua\/Lucio Tavora) (lt) (ah) (ce)<\/div>\n<\/div>\n<\/div>\n<div class=\"el-scrollbar__bar is-horizontal\"><\/div>\n","protected":false},"excerpt":{"rendered":"<p>(250319) &#8212; BRASILIA, 19 marzo, 2025 (Xinhua) &#8212; El director t\u00e9cnico de la selecci\u00f3n brasile\u00f1a&#8230;<\/p>\n","protected":false},"author":1,"featured_media":16216,"comment_status":"open","ping_status":"closed","sticky":false,"template":"","format":"standard","meta":{"footnotes":""},"categories":[2],"tags":[],"class_list":["post-16214","post","type-post","status-publish","format-standard","has-post-thumbnail","hentry","category-internacional"],"_links":{"self":[{"href":"https:\/\/viajamagazine.com\/index.php?rest_route=\/wp\/v2\/posts\/16214","targetHints":{"allow":["GET"]}}],"collection":[{"href":"https:\/\/viajamagazine.com\/index.php?rest_route=\/wp\/v2\/posts"}],"about":[{"href":"https:\/\/viajamagazine.com\/index.php?rest_route=\/wp\/v2\/types\/post"}],"author":[{"embeddable":true,"href":"https:\/\/viajamagazine.com\/index.php?rest_route=\/wp\/v2\/users\/1"}],"replies":[{"embeddable":true,"href":"https:\/\/viajamagazine.com\/index.php?rest_route=%2Fwp%2Fv2%2Fcomments&post=16214"}],"version-history":[{"count":1,"href":"https:\/\/viajamagazine.com\/index.php?rest_route=\/wp\/v2\/posts\/16214\/revisions"}],"predecessor-version":[{"id":16215,"href":"https:\/\/viajamagazine.com\/index.php?rest_route=\/wp\/v2\/posts\/16214\/revisions\/16215"}],"wp:featuredmedia":[{"embeddable":true,"href":"https:\/\/viajamagazine.com\/index.php?rest_route=\/wp\/v2\/media\/16216"}],"wp:attachment":[{"href":"https:\/\/viajamagazine.com\/index.php?rest_route=%2Fwp%2Fv2%2Fmedia&parent=16214"}],"wp:term":[{"taxonomy":"category","embeddable":true,"href":"https:\/\/viajamagazine.com\/index.php?rest_route=%2Fwp%2Fv2%2Fcategories&post=16214"},{"taxonomy":"post_tag","embeddable":true,"href":"https:\/\/viajamagazine.com\/index.php?rest_route=%2Fwp%2Fv2%2Ftags&post=16214"}],"curies":[{"name":"wp","href":"https:\/\/api.w.org\/{rel}","templated":true}]}}