{"id":16178,"date":"2025-03-21T10:15:53","date_gmt":"2025-03-21T16:15:53","guid":{"rendered":"https:\/\/viajamagazine.com\/?p=16178"},"modified":"2025-03-21T16:15:54","modified_gmt":"2025-03-21T16:15:54","slug":"eeuu-washington-d-c-fed-tasas-de-interes-sin-cambio","status":"publish","type":"post","link":"https:\/\/viajamagazine.com\/?p=16178","title":{"rendered":"EEUU-WASHINGTON, D.C.-FED-TASAS DE INTERES-SIN CAMBIO"},"content":{"rendered":"<div class=\"el-scrollbar__wrap\">\n<div class=\"el-scrollbar__view\">\n<div class=\"news-content\" data-v-1eda797c=\"\">(250319) &#8212; WASHINGTON, 19 marzo, 2025 (Xinhua) &#8212; El presidente de la Reserva Federal de Estados Unidos, Jerome Powell, asiste a una conferencia de prensa, en Washington, D.C., Estados Unidos, el 19 de marzo de 2025. La Reserva Federal de Estados Unidos mantuvo el mi\u00e9rcoles sin cambio el rango objetivo de las tasas sobre fondos federales en entre 4,25 y 4,5 por ciento, en medio de preocupaciones crecientes con respecto a la inflaci\u00f3n derivadas de las pol\u00edticas arancelarias de la administraci\u00f3n Trump. (Xinhua\/Hu Yousong) (ah) (ce)<\/div>\n<\/div>\n<\/div>\n<div class=\"el-scrollbar__bar is-horizontal\"><\/div>\n","protected":false},"excerpt":{"rendered":"<p>(250319) &#8212; WASHINGTON, 19 marzo, 2025 (Xinhua) &#8212; El presidente de la Reserva Federal de&#8230;<\/p>\n","protected":false},"author":1,"featured_media":16180,"comment_status":"open","ping_status":"closed","sticky":false,"template":"","format":"standard","meta":{"footnotes":""},"categories":[2],"tags":[],"class_list":["post-16178","post","type-post","status-publish","format-standard","has-post-thumbnail","hentry","category-internacional"],"_links":{"self":[{"href":"https:\/\/viajamagazine.com\/index.php?rest_route=\/wp\/v2\/posts\/16178","targetHints":{"allow":["GET"]}}],"collection":[{"href":"https:\/\/viajamagazine.com\/index.php?rest_route=\/wp\/v2\/posts"}],"about":[{"href":"https:\/\/viajamagazine.com\/index.php?rest_route=\/wp\/v2\/types\/post"}],"author":[{"embeddable":true,"href":"https:\/\/viajamagazine.com\/index.php?rest_route=\/wp\/v2\/users\/1"}],"replies":[{"embeddable":true,"href":"https:\/\/viajamagazine.com\/index.php?rest_route=%2Fwp%2Fv2%2Fcomments&post=16178"}],"version-history":[{"count":1,"href":"https:\/\/viajamagazine.com\/index.php?rest_route=\/wp\/v2\/posts\/16178\/revisions"}],"predecessor-version":[{"id":16179,"href":"https:\/\/viajamagazine.com\/index.php?rest_route=\/wp\/v2\/posts\/16178\/revisions\/16179"}],"wp:featuredmedia":[{"embeddable":true,"href":"https:\/\/viajamagazine.com\/index.php?rest_route=\/wp\/v2\/media\/16180"}],"wp:attachment":[{"href":"https:\/\/viajamagazine.com\/index.php?rest_route=%2Fwp%2Fv2%2Fmedia&parent=16178"}],"wp:term":[{"taxonomy":"category","embeddable":true,"href":"https:\/\/viajamagazine.com\/index.php?rest_route=%2Fwp%2Fv2%2Fcategories&post=16178"},{"taxonomy":"post_tag","embeddable":true,"href":"https:\/\/viajamagazine.com\/index.php?rest_route=%2Fwp%2Fv2%2Ftags&post=16178"}],"curies":[{"name":"wp","href":"https:\/\/api.w.org\/{rel}","templated":true}]}}