{"id":15163,"date":"2025-03-19T13:09:33","date_gmt":"2025-03-19T19:09:33","guid":{"rendered":"https:\/\/viajamagazine.com\/?p=15163"},"modified":"2025-03-19T19:09:34","modified_gmt":"2025-03-19T19:09:34","slug":"mexico-busca-acelerar-estrategia-contra-posibles-aranceles-de-eeuu-dice-ministro-ebrard","status":"publish","type":"post","link":"https:\/\/viajamagazine.com\/?p=15163","title":{"rendered":"M\u00e9xico busca acelerar estrategia contra posibles aranceles de EEUU, dice ministro Ebrard"},"content":{"rendered":"<p>M\u00c9XICO, 18 mar (Xinhua) &#8212; El Gobierno de M\u00e9xico est\u00e1 acelerando la aplicaci\u00f3n de su estrategia contra la eventual aplicaci\u00f3n de aranceles por parte de Estados Unidos, para fortalecer a las empresas locales, inform\u00f3 hoy martes el secretario (ministro) de Econom\u00eda, Marcelo Ebrard. Tras encabezar la presentaci\u00f3n del sello \u00abHecho en M\u00e9xico\u00bb a la firma Mabe, Ebrard subray\u00f3 que la iniciativa busca que haya \u00abpiso parejo\u00bb frente a otros competidores internacionales y evitar el \u00abdumping estructural\u00bb, es decir, la competencia desleal. \u00abEstamos acelerando el paso para el programa &#8216;Hecho en M\u00e9xico&#8217; y su expansi\u00f3n en cuanto a respaldar a las empresas mexicanas que tienen varias caracter\u00edsticas: exportan, compiten y tienen capacidad de desarrollo y de innovaci\u00f3n\u00bb, coment\u00f3 el ministro a periodistas. Ebrard dijo que analiza junto con representantes industriales las medidas adecuadas, no solo arancelarias, ante la amenaza del presidente estadounidense, Donald Trump, de aplicar tarifas comerciales generalizadas a partir de abril. El objetivo es reducir el impacto \u00aben vez de agrandarlo\u00bb, toda vez que entre mayores cuotas al comercio existan, m\u00e1s grande ser\u00e1 la consecuencia, advirti\u00f3. En el evento, Ebrard record\u00f3 que la estrategia \u00abHecho en M\u00e9xico\u00bb busca establecer las bases para sortear eventuales dificultades en el futuro, mediante el aumento en el contenido nacional de los productos. Si M\u00e9xico quiere participar en los cambios y aumentar su participaci\u00f3n global, tiene que fortalecer a las empresas locales, acelerar la innovaci\u00f3n, y facilitar su financiamiento, a\u00f1adi\u00f3. \u00abHecho en M\u00e9xico\u00bb es parte del Plan M\u00e9xico, de la administraci\u00f3n de la presidenta, Claudia Sheinbaum, con el que busca contar con una \u00abhoja de ruta\u00bb para prepararse en lo econ\u00f3mico para los retos derivados de la coyuntura internacional, promover el bienestar y fomentar el crecimiento. La econom\u00eda de M\u00e9xico, la segunda mayor de Am\u00e9rica Latina despu\u00e9s de Brasil, se desaceler\u00f3 en el 2024 para crecer 1,5 por ciento, desde el 3,3 por ciento del a\u00f1o precedente, de acuerdo con las cifras oficiales m\u00e1s recientes. Expertos han advertido sobre una eventual desaceleraci\u00f3n de la econom\u00eda local e incluso de una recesi\u00f3n, si se materializa la imposici\u00f3n de aranceles del 25 por ciento a las importaciones mexicanas, como ha amenazado el presidente estadounidense Trump. Fin<\/p>\n","protected":false},"excerpt":{"rendered":"<p>M\u00c9XICO, 18 mar (Xinhua) &#8212; El Gobierno de M\u00e9xico est\u00e1 acelerando la aplicaci\u00f3n de su&#8230;<\/p>\n","protected":false},"author":1,"featured_media":0,"comment_status":"open","ping_status":"closed","sticky":false,"template":"","format":"standard","meta":{"footnotes":""},"categories":[2],"tags":[],"class_list":["post-15163","post","type-post","status-publish","format-standard","hentry","category-internacional"],"_links":{"self":[{"href":"https:\/\/viajamagazine.com\/index.php?rest_route=\/wp\/v2\/posts\/15163","targetHints":{"allow":["GET"]}}],"collection":[{"href":"https:\/\/viajamagazine.com\/index.php?rest_route=\/wp\/v2\/posts"}],"about":[{"href":"https:\/\/viajamagazine.com\/index.php?rest_route=\/wp\/v2\/types\/post"}],"author":[{"embeddable":true,"href":"https:\/\/viajamagazine.com\/index.php?rest_route=\/wp\/v2\/users\/1"}],"replies":[{"embeddable":true,"href":"https:\/\/viajamagazine.com\/index.php?rest_route=%2Fwp%2Fv2%2Fcomments&post=15163"}],"version-history":[{"count":1,"href":"https:\/\/viajamagazine.com\/index.php?rest_route=\/wp\/v2\/posts\/15163\/revisions"}],"predecessor-version":[{"id":15164,"href":"https:\/\/viajamagazine.com\/index.php?rest_route=\/wp\/v2\/posts\/15163\/revisions\/15164"}],"wp:attachment":[{"href":"https:\/\/viajamagazine.com\/index.php?rest_route=%2Fwp%2Fv2%2Fmedia&parent=15163"}],"wp:term":[{"taxonomy":"category","embeddable":true,"href":"https:\/\/viajamagazine.com\/index.php?rest_route=%2Fwp%2Fv2%2Fcategories&post=15163"},{"taxonomy":"post_tag","embeddable":true,"href":"https:\/\/viajamagazine.com\/index.php?rest_route=%2Fwp%2Fv2%2Ftags&post=15163"}],"curies":[{"name":"wp","href":"https:\/\/api.w.org\/{rel}","templated":true}]}}