{"id":15159,"date":"2025-03-19T13:08:54","date_gmt":"2025-03-19T19:08:54","guid":{"rendered":"https:\/\/viajamagazine.com\/?p=15159"},"modified":"2025-03-19T19:08:55","modified_gmt":"2025-03-19T19:08:55","slug":"venezuela-denuncia-ante-onu-tratos-crueles-y-degradantes-hacia-sus-migrantes","status":"publish","type":"post","link":"https:\/\/viajamagazine.com\/?p=15159","title":{"rendered":"Venezuela denuncia ante ONU tratos \u00abcrueles y degradantes\u00bb hacia sus migrantes"},"content":{"rendered":"<div class=\"el-scrollbar__wrap\">\n<div class=\"el-scrollbar__view\">\n<div class=\"news-content\" data-v-1eda797c=\"\">CARACAS, 18 mar (Xinhua) &#8212; Migrantes venezolanos son v\u00edctimas de \u00abtratos crueles y degradantes\u00bb por los gobiernos de Estados Unidos y El Salvador al ser deportados, denunci\u00f3 hoy martes el embajador de Venezuela, Alexander Y\u00e1nez, ante el Consejo de Derechos Humanos de la Organizaci\u00f3n de las Naciones Unidas (ONU) con sede en Ginebra, Suiza. \u00abEstos ciudadanos fueron arbitrariamente detenidos, sometidos a tratos crueles y degradantes, y encerrados en campos de concentraci\u00f3n en El Salvador\u00bb, se\u00f1al\u00f3 Y\u00e1nez, en su intervenci\u00f3n ante la instancia de la ONU. \u00ab\u00bfBajo qu\u00e9 base legal, nacional o internacional, esos migrantes venezolanos est\u00e1n en c\u00e1rceles de El Salvador?\u00bb, pregunt\u00f3 el diplom\u00e1tico venezolano, adem\u00e1s de cuestionar la manera en que se verificaron sus antecedentes penales y a qui\u00e9nes se notific\u00f3 sobre su encarcelamiento. \u00ab\u00bfC\u00f3mo dos pa\u00edses pueden impunemente traficar con seres humanos por razones econ\u00f3micas, al peor estilo del esclavismo europeo?\u00bb, insisti\u00f3 en su intervenci\u00f3n. Y\u00e1nez asever\u00f3 que su Gobierno \u00abno descansar\u00e1 hasta tener a cada uno de sus ciudadanos migrantes de vuelta a la Patria y con sus familias\u00bb. El Gobierno de El Salvador anunci\u00f3 el pasado 16 de marzo sobre el arribo al pa\u00eds centroamericano de un grupo de migrantes deportados desde Estados Unidos, en su mayor\u00eda venezolanos. El embajador respondi\u00f3 tambi\u00e9n al informe sobre la situaci\u00f3n de los derechos humanos en Venezuela elaborado por la denominada Misi\u00f3n de Determinaci\u00f3n de los Hechos. El diplom\u00e1tico venezolano precis\u00f3 que dicha instancia se basa \u00aben fuentes inventadas o pol\u00edticamente motivadas, financiadas por la corrupci\u00f3n de USAID (Agencia de los Estados Unidos para el Desarrollo Internacional, por sus siglas en ingl\u00e9s)\u00bb. Fin<\/div>\n<\/div>\n<\/div>\n<div class=\"el-scrollbar__bar is-horizontal\"><\/div>\n","protected":false},"excerpt":{"rendered":"<p>CARACAS, 18 mar (Xinhua) &#8212; Migrantes venezolanos son v\u00edctimas de \u00abtratos crueles y degradantes\u00bb por&#8230;<\/p>\n","protected":false},"author":1,"featured_media":0,"comment_status":"open","ping_status":"closed","sticky":false,"template":"","format":"standard","meta":{"footnotes":""},"categories":[2],"tags":[],"class_list":["post-15159","post","type-post","status-publish","format-standard","hentry","category-internacional"],"_links":{"self":[{"href":"https:\/\/viajamagazine.com\/index.php?rest_route=\/wp\/v2\/posts\/15159","targetHints":{"allow":["GET"]}}],"collection":[{"href":"https:\/\/viajamagazine.com\/index.php?rest_route=\/wp\/v2\/posts"}],"about":[{"href":"https:\/\/viajamagazine.com\/index.php?rest_route=\/wp\/v2\/types\/post"}],"author":[{"embeddable":true,"href":"https:\/\/viajamagazine.com\/index.php?rest_route=\/wp\/v2\/users\/1"}],"replies":[{"embeddable":true,"href":"https:\/\/viajamagazine.com\/index.php?rest_route=%2Fwp%2Fv2%2Fcomments&post=15159"}],"version-history":[{"count":1,"href":"https:\/\/viajamagazine.com\/index.php?rest_route=\/wp\/v2\/posts\/15159\/revisions"}],"predecessor-version":[{"id":15160,"href":"https:\/\/viajamagazine.com\/index.php?rest_route=\/wp\/v2\/posts\/15159\/revisions\/15160"}],"wp:attachment":[{"href":"https:\/\/viajamagazine.com\/index.php?rest_route=%2Fwp%2Fv2%2Fmedia&parent=15159"}],"wp:term":[{"taxonomy":"category","embeddable":true,"href":"https:\/\/viajamagazine.com\/index.php?rest_route=%2Fwp%2Fv2%2Fcategories&post=15159"},{"taxonomy":"post_tag","embeddable":true,"href":"https:\/\/viajamagazine.com\/index.php?rest_route=%2Fwp%2Fv2%2Ftags&post=15159"}],"curies":[{"name":"wp","href":"https:\/\/api.w.org\/{rel}","templated":true}]}}